{"id":960,"date":"2023-08-25T18:54:18","date_gmt":"2023-08-25T16:54:18","guid":{"rendered":"https:\/\/pasaenmendoza.com\/?p=960"},"modified":"2023-08-25T18:54:18","modified_gmt":"2023-08-25T16:54:18","slug":"lo-que-tenes-que-saber-de-las-bicicletas-publicas-que-cambiaran-el-transporte-del-gran-mendoza","status":"publish","type":"post","link":"https:\/\/pasaenmendoza.com\/?p=960","title":{"rendered":"Lo que ten\u00e9s que saber de las bicicletas p\u00fablicas que cambiar\u00e1n el transporte del Gran Mendoza"},"content":{"rendered":"\n<p>Con 400 unidades disponibles,<strong>&nbsp;BiciTRAN<\/strong>&nbsp;ya est\u00e1 en marcha. En su primera etapa contempla 26 estaciones distribuidas en distintos puntos de&nbsp;<strong>Ciudad, Godoy Cruz&nbsp;<\/strong>y<strong>&nbsp;Luj\u00e1n de Cuyo.&nbsp;<\/strong><\/p>\n\n\n\n<p>Para utilizarlas, los&nbsp;<strong>usuarios&nbsp;<\/strong>deber\u00e1n darse de alta en la aplicaci\u00f3n, lo que les permitir\u00e1 conocer el recorrido y abonar el servicio.<\/p>\n\n\n\n<p>Las&nbsp;<strong>bicicletas&nbsp;<\/strong>son de quinta generaci\u00f3n, lo que implica que toda la tecnolog\u00eda, sea de seguridad, monitoreo y\/o comunicaciones, se encuentra dentro del mismo veh\u00edculo.<\/p>\n\n\n\n<p>Toda la informaci\u00f3n acerca de la operatividad del sistema y tambi\u00e9n de la aplicaci\u00f3n est\u00e1n disponibles en la p\u00e1gina web\u00a0<strong>bicitran.stmendoza.com<\/strong>.<\/p>\n\n\n\n<h3 class=\"wp-block-heading\">\u00bfC\u00f3mo funciona?<\/h3>\n\n\n\n<ul>\n<li>El servicio de bicicletas p\u00fablicas de Mendoza tendr\u00e1 el mismo valor del pasaje de colectivo (actualmente, 70 pesos), con un tiempo de uso de una hora, y se abonar\u00e1 desde la misma aplicaci\u00f3n.<\/li>\n\n\n\n<li>Previamente, los usuarios deber\u00e1n estar identificados a trav\u00e9s de la aplicaci\u00f3n oficial, que les permitir\u00e1 utilizar el servicio.&nbsp;<\/li>\n\n\n\n<li>A trav\u00e9s de la\u00a0<em>app<\/em>, podr\u00e1n conocer los puntos habilitados del sistema y escanear un c\u00f3digo QR para abonar el uso del rodado. Despu\u00e9s, deber\u00e1n esperar el sonido de notificaci\u00f3n y quitar la traba de seguridad para comenzar el viaje.<\/li>\n\n\n\n<li><\/li>\n\n\n\n<li>Esta aplicaci\u00f3n cuenta con el mapeo de las estaciones y la cantidad de bicicletas disponibles, ya que cada una de ellas cuenta con un GPS y se podr\u00e1 hacer la reserva para garantizar el transporte.&nbsp;<\/li>\n\n\n\n<li>Cada estaci\u00f3n est\u00e1 compuesta por un t\u00f3tem informativo de formas de uso y un mapa zonal, con los respectivos paradores donde se retiran las bicicletas.<\/li>\n\n\n\n<li>#BiciTRAN comienza su etapa inicial en Ciudad, Godoy Cruz y Luj\u00e1n. Los usuarios ya pueden registrarse y conocer el sistema de bicicletas p\u00fablicas, a trav\u00e9s de la aplicaci\u00f3n y la p\u00e1gina oficial.<\/li>\n\n\n\n<li>toda la informaci\u00f3n disponible ac\u00e1 https:\/\/bicitran.stmendoza.com<\/li>\n\n\n\n<li><strong>Fuente: www.diariomendoza.com.ar<\/strong><\/li>\n<\/ul>\n","protected":false},"excerpt":{"rendered":"<p>Con 400 unidades disponibles,&nbsp;BiciTRAN&nbsp;ya est\u00e1 en marcha. En su primera etapa contempla 26 estaciones distribuidas en distintos puntos de&nbsp;Ciudad, Godoy Cruz&nbsp;y&nbsp;Luj\u00e1n de Cuyo.&nbsp; Para utilizarlas, los&nbsp;usuarios&nbsp;deber\u00e1n darse de alta en la aplicaci\u00f3n, lo que les permitir\u00e1 conocer el recorrido y abonar el servicio. Las&nbsp;bicicletas&nbsp;son de quinta generaci\u00f3n, lo que implica que toda la tecnolog\u00eda, sea [&hellip;]<\/p>\n","protected":false},"author":2,"featured_media":961,"comment_status":"open","ping_status":"open","sticky":false,"template":"","format":"standard","meta":[],"categories":[50],"tags":[],"_links":{"self":[{"href":"https:\/\/pasaenmendoza.com\/index.php?rest_route=\/wp\/v2\/posts\/960"}],"collection":[{"href":"https:\/\/pasaenmendoza.com\/index.php?rest_route=\/wp\/v2\/posts"}],"about":[{"href":"https:\/\/pasaenmendoza.com\/index.php?rest_route=\/wp\/v2\/types\/post"}],"author":[{"embeddable":true,"href":"https:\/\/pasaenmendoza.com\/index.php?rest_route=\/wp\/v2\/users\/2"}],"replies":[{"embeddable":true,"href":"https:\/\/pasaenmendoza.com\/index.php?rest_route=%2Fwp%2Fv2%2Fcomments&post=960"}],"version-history":[{"count":2,"href":"https:\/\/pasaenmendoza.com\/index.php?rest_route=\/wp\/v2\/posts\/960\/revisions"}],"predecessor-version":[{"id":964,"href":"https:\/\/pasaenmendoza.com\/index.php?rest_route=\/wp\/v2\/posts\/960\/revisions\/964"}],"wp:featuredmedia":[{"embeddable":true,"href":"https:\/\/pasaenmendoza.com\/index.php?rest_route=\/wp\/v2\/media\/961"}],"wp:attachment":[{"href":"https:\/\/pasaenmendoza.com\/index.php?rest_route=%2Fwp%2Fv2%2Fmedia&parent=960"}],"wp:term":[{"taxonomy":"category","embeddable":true,"href":"https:\/\/pasaenmendoza.com\/index.php?rest_route=%2Fwp%2Fv2%2Fcategories&post=960"},{"taxonomy":"post_tag","embeddable":true,"href":"https:\/\/pasaenmendoza.com\/index.php?rest_route=%2Fwp%2Fv2%2Ftags&post=960"}],"curies":[{"name":"wp","href":"https:\/\/api.w.org\/{rel}","templated":true}]}}