{"id":9602,"date":"2024-10-17T00:13:46","date_gmt":"2024-10-16T22:13:46","guid":{"rendered":"https:\/\/pasaenmendoza.com\/?p=9602"},"modified":"2024-10-17T00:13:48","modified_gmt":"2024-10-16T22:13:48","slug":"el-ministerio-de-seguridad-convoco-a-policias-retirados-para-realizar-tareas-de-apoyo-operativo","status":"publish","type":"post","link":"https:\/\/pasaenmendoza.com\/?p=9602","title":{"rendered":"El Ministerio de Seguridad convoc\u00f3 a polic\u00edas retirados para realizar tareas de apoyo operativo"},"content":{"rendered":"\n<p>A fin de combatir la inseguridad en Mendoza, el Ministerio de Seguridad y Justicia lanz\u00f3 este mi\u00e9rcoles una\u00a0<strong>convocatoria\u00a0<\/strong>abierta a\u00a0<strong>polic\u00edas\u00a0retirados<\/strong>\u00a0de hasta 55 a\u00f1os interesados en reincorporarse a la fuerza en diversas \u00e1reas de apoyo operativo de la Polic\u00eda de Mendoza.<\/p>\n\n\n\n<p>Esta iniciativa busca&nbsp;<strong>cubrir 120 vacantes<\/strong>&nbsp;y ofrece una nueva oportunidad laboral a agentes que deseen continuar contribuyendo a la seguridad de la provincia.<\/p>\n\n\n\n<p>Aunque no es requisito excluyente, se valorar\u00e1 que los\u00a0<strong>postulantes hayan alcanzado hasta la jerarqu\u00eda de principal\u00a0<\/strong>durante su carrera en la fuerza.<\/p>\n\n\n\n<p>Los interesados en participar deber\u00e1n enviar un correo electr\u00f3nico a&nbsp;mcorrenti@mendoza.gov.ar, indicando en el asunto Convocatoria. En el cuerpo del mensaje, deber\u00e1n incluir la siguiente informaci\u00f3n: nombre y apellido, DNI, domicilio y tel\u00e9fono de contacto.<\/p>\n\n\n\n<p>Los seleccionados ser\u00e1n destinados tanto al\u00a0<strong>Centro de Visualizaci\u00f3n como a otras tareas de apoyo<\/strong>\u00a0en la provincia. El objetivo es fortalecer la capacidad operativa mediante la incorporaci\u00f3n de personal retirado con experiencia y capacitaci\u00f3n.<\/p>\n\n\n\n<p><strong>Fuente: www.diariouno.com.ar<\/strong><\/p>\n","protected":false},"excerpt":{"rendered":"<p>A fin de combatir la inseguridad en Mendoza, el Ministerio de Seguridad y Justicia lanz\u00f3 este mi\u00e9rcoles una\u00a0convocatoria\u00a0abierta a\u00a0polic\u00edas\u00a0retirados\u00a0de hasta 55 a\u00f1os interesados en reincorporarse a la fuerza en diversas \u00e1reas de apoyo operativo de la Polic\u00eda de Mendoza. Esta iniciativa busca&nbsp;cubrir 120 vacantes&nbsp;y ofrece una nueva oportunidad laboral a agentes que deseen continuar contribuyendo [&hellip;]<\/p>\n","protected":false},"author":2,"featured_media":9603,"comment_status":"open","ping_status":"open","sticky":false,"template":"","format":"standard","meta":[],"categories":[96],"tags":[],"_links":{"self":[{"href":"https:\/\/pasaenmendoza.com\/index.php?rest_route=\/wp\/v2\/posts\/9602"}],"collection":[{"href":"https:\/\/pasaenmendoza.com\/index.php?rest_route=\/wp\/v2\/posts"}],"about":[{"href":"https:\/\/pasaenmendoza.com\/index.php?rest_route=\/wp\/v2\/types\/post"}],"author":[{"embeddable":true,"href":"https:\/\/pasaenmendoza.com\/index.php?rest_route=\/wp\/v2\/users\/2"}],"replies":[{"embeddable":true,"href":"https:\/\/pasaenmendoza.com\/index.php?rest_route=%2Fwp%2Fv2%2Fcomments&post=9602"}],"version-history":[{"count":1,"href":"https:\/\/pasaenmendoza.com\/index.php?rest_route=\/wp\/v2\/posts\/9602\/revisions"}],"predecessor-version":[{"id":9604,"href":"https:\/\/pasaenmendoza.com\/index.php?rest_route=\/wp\/v2\/posts\/9602\/revisions\/9604"}],"wp:featuredmedia":[{"embeddable":true,"href":"https:\/\/pasaenmendoza.com\/index.php?rest_route=\/wp\/v2\/media\/9603"}],"wp:attachment":[{"href":"https:\/\/pasaenmendoza.com\/index.php?rest_route=%2Fwp%2Fv2%2Fmedia&parent=9602"}],"wp:term":[{"taxonomy":"category","embeddable":true,"href":"https:\/\/pasaenmendoza.com\/index.php?rest_route=%2Fwp%2Fv2%2Fcategories&post=9602"},{"taxonomy":"post_tag","embeddable":true,"href":"https:\/\/pasaenmendoza.com\/index.php?rest_route=%2Fwp%2Fv2%2Ftags&post=9602"}],"curies":[{"name":"wp","href":"https:\/\/api.w.org\/{rel}","templated":true}]}}