{"id":9612,"date":"2024-10-17T14:09:45","date_gmt":"2024-10-17T12:09:45","guid":{"rendered":"https:\/\/pasaenmendoza.com\/?p=9612"},"modified":"2024-10-17T14:09:46","modified_gmt":"2024-10-17T12:09:46","slug":"el-frio-y-la-lluvia-no-quieren-irse-asi-estara-el-tiempo-en-mendoza-este-jueves","status":"publish","type":"post","link":"https:\/\/pasaenmendoza.com\/?p=9612","title":{"rendered":"El fr\u00edo y la lluvia no quieren irse: as\u00ed estar\u00e1 el tiempo en Mendoza este jueves"},"content":{"rendered":"\n<p>\u201cCielo parcialmente nublado y ventoso con\u00a0<strong>descenso de la temperatura<\/strong>, vientos moderados del sector sur.\u00a0<strong>Tormentas por la ma\u00f1ana\u201d<\/strong>, lo que indica la Direcci\u00f3n de Contingencias Clim\u00e1ticas para este mi\u00e9rcoles en el Gran Mendoza.\u00a0<strong>La m\u00ednima ser\u00e1 de 17 grados y la m\u00e1xima de 24<\/strong>.<\/p>\n\n\n\n<p>Adem\u00e1s, se prev\u00e9 \u201cestabilidad en cordillera e ingreso de frente fr\u00edo\u201d.<\/p>\n\n\n\n<p>El<strong>\u00a0viernes<\/strong>\u00a0estar\u00e1 con \u201cpoca nubosidad con ascenso de la temperatura, vientos moderados del noreste. Estable en cordillera\u201d.\u00a0<strong>La m\u00ednima ser\u00e1 de 12 grados y la m\u00e1xima ser\u00e1 de 30.<\/strong><\/p>\n\n\n\n<p>En tanto, el s\u00e1bado se pronostica: \u201cPoca nubosidad con ascenso de la temperatura, vientos moderados del noreste. Estable en cordillera\u201d.\u00a0<strong>La m\u00ednima ser\u00e1 de 15 grados y la m\u00e1xima 32.<\/strong><\/p>\n\n\n\n<p><strong>Fuente: www.elsol.com.ar<\/strong><\/p>\n","protected":false},"excerpt":{"rendered":"<p>\u201cCielo parcialmente nublado y ventoso con\u00a0descenso de la temperatura, vientos moderados del sector sur.\u00a0Tormentas por la ma\u00f1ana\u201d, lo que indica la Direcci\u00f3n de Contingencias Clim\u00e1ticas para este mi\u00e9rcoles en el Gran Mendoza.\u00a0La m\u00ednima ser\u00e1 de 17 grados y la m\u00e1xima de 24. Adem\u00e1s, se prev\u00e9 \u201cestabilidad en cordillera e ingreso de frente fr\u00edo\u201d. El\u00a0viernes\u00a0estar\u00e1 con [&hellip;]<\/p>\n","protected":false},"author":2,"featured_media":9613,"comment_status":"open","ping_status":"open","sticky":false,"template":"","format":"standard","meta":[],"categories":[52],"tags":[],"_links":{"self":[{"href":"https:\/\/pasaenmendoza.com\/index.php?rest_route=\/wp\/v2\/posts\/9612"}],"collection":[{"href":"https:\/\/pasaenmendoza.com\/index.php?rest_route=\/wp\/v2\/posts"}],"about":[{"href":"https:\/\/pasaenmendoza.com\/index.php?rest_route=\/wp\/v2\/types\/post"}],"author":[{"embeddable":true,"href":"https:\/\/pasaenmendoza.com\/index.php?rest_route=\/wp\/v2\/users\/2"}],"replies":[{"embeddable":true,"href":"https:\/\/pasaenmendoza.com\/index.php?rest_route=%2Fwp%2Fv2%2Fcomments&post=9612"}],"version-history":[{"count":1,"href":"https:\/\/pasaenmendoza.com\/index.php?rest_route=\/wp\/v2\/posts\/9612\/revisions"}],"predecessor-version":[{"id":9614,"href":"https:\/\/pasaenmendoza.com\/index.php?rest_route=\/wp\/v2\/posts\/9612\/revisions\/9614"}],"wp:featuredmedia":[{"embeddable":true,"href":"https:\/\/pasaenmendoza.com\/index.php?rest_route=\/wp\/v2\/media\/9613"}],"wp:attachment":[{"href":"https:\/\/pasaenmendoza.com\/index.php?rest_route=%2Fwp%2Fv2%2Fmedia&parent=9612"}],"wp:term":[{"taxonomy":"category","embeddable":true,"href":"https:\/\/pasaenmendoza.com\/index.php?rest_route=%2Fwp%2Fv2%2Fcategories&post=9612"},{"taxonomy":"post_tag","embeddable":true,"href":"https:\/\/pasaenmendoza.com\/index.php?rest_route=%2Fwp%2Fv2%2Ftags&post=9612"}],"curies":[{"name":"wp","href":"https:\/\/api.w.org\/{rel}","templated":true}]}}