{"id":9617,"date":"2024-10-18T00:17:13","date_gmt":"2024-10-17T22:17:13","guid":{"rendered":"https:\/\/pasaenmendoza.com\/?p=9617"},"modified":"2024-10-18T00:17:14","modified_gmt":"2024-10-17T22:17:14","slug":"anabel-fernandez-sagasti-apuro-a-kicillof-para-que-apoye-a-cristina-kirchner-en-las-elecciones-del-pj","status":"publish","type":"post","link":"https:\/\/pasaenmendoza.com\/?p=9617","title":{"rendered":"Anabel Fern\u00e1ndez Sagasti apur\u00f3 a Kicillof para que apoye a Cristina Kirchner en las elecciones del PJ"},"content":{"rendered":"\n<p>La senadora\u00a0<strong>Anabel Fern\u00e1ndez Sagasti<\/strong>, ex presidenta del Partido Justicialista de Mendoza,<strong>\u00a0presion\u00f3 a Axel Kicillof<\/strong>\u00a0para que se incline por Cristina Kirchner en las elecciones partidarias del PJ, que se celebrar\u00e1n el 17 de noviembre. &#8220;El silencio de Axel es doloroso&#8221;, declar\u00f3 este jueves, mismo d\u00eda que los peronistas celebran el D\u00eda de la Lealtad, a un medio porte\u00f1o.<\/p>\n\n\n\n<p>&#8220;No s\u00e9 c\u00f3mo entre Cristina y (Ricardo) Quintela no sabe a qui\u00e9n elegir. Me imagino que no es a Quintela, pero no lo ha dicho&#8221;, dijo.<\/p>\n\n\n\n<p>La mendocina es<strong>\u00a0apoderada de la lista Primero La Patria<\/strong>\u00a0junto a Teresa Garc\u00eda (senadora bonaerense) y Gustavo Arrieta (parlamentario del Mercosur), que lleva como candidata a la presidencia del PJ a Cristina, quien buscar\u00e1 ocupar dicho cargo por primera vez, en las elecci\u00f3n que enfrentar\u00e1 al gobernador de la Rioja, Ricardo Quintela.<\/p>\n\n\n\n<p>En otro momento de la conversaci\u00f3n&nbsp;<strong>puso en duda a los peronistas que no apoyan a Cristina<\/strong>: \u201cNo hay dudas que Cristina tiene una ascendencia entre los compa\u00f1eros y compa\u00f1eras peronistas muy importante y quienes no entienden eso,&nbsp;<strong>en algo raro est\u00e1n<\/strong>\u201d.<\/p>\n\n\n\n<h2 class=\"wp-block-heading\">Sagasti critic\u00f3 a Quintela por su gesti\u00f3n en La Rioja<\/h2>\n\n\n\n<p>La senadora nacional comparti\u00f3 la opini\u00f3n de la ex presidenta sobre la imposibilidad de que un gobernador sea, adem\u00e1s, quien ocupe el cargo de presidente del PJ ya que &#8220;su enfoque debe centrarse en gobernar en el territorio&#8221;.<\/p>\n\n\n\n<p>En este sentido, lanz\u00f3 una&nbsp;<strong>cr\u00edtica hacia Quintela:<\/strong>&nbsp;&#8220;Desde que gobierna Milei tiene<strong>&nbsp;serios problemas en su gesti\u00f3n<\/strong>, no creo que pueda hacerse cargo de estar permanentemente atendiendo a los compa\u00f1eros de todas las provincias. No es estrat\u00e9gico, ni t\u00e1ctico, ni l\u00f3gico\u201d.<\/p>\n\n\n\n<h2 class=\"wp-block-heading\">Quintela ser\u00e1 el competidor de Cristina en las elecciones del PJ<\/h2>\n\n\n\n<p>El gobernador de La Rioja,&nbsp;<strong>Ricardo Quintela<\/strong>, oficializ\u00f3 el 10 de octubre su candidatura a la presidencia del Partido Justicialista, con lo que ratific\u00f3 sus intenciones pese al &#8220;operativo clamor&#8221; de amplios sectores del peronismo para que la ex presidenta&nbsp;<strong>Cristina Kirchner<\/strong>&nbsp;conduzca esa fuerza.<\/p>\n\n\n\n<p>El mandatario riojano present\u00f3 ante la Junta Electoral partidaria la lista &#8220;<strong>Federalismo y Justicia<\/strong>&#8221; y design\u00f3 como apoderados a los abogados\u00a0<strong>Jorge Yoma, Daniel Llermanos<\/strong>\u00a0y<strong>\u00a0Leandro Busatto<\/strong>.<\/p>\n\n\n\n<p>Antes de la oficializaci\u00f3n de su candidatura, el<strong>&nbsp;gobernador de La Rioja<\/strong>&nbsp;hab\u00eda visitado la localidad bonaerense de Avellaneda, basti\u00f3n del intendente&nbsp;<strong>Jorge Ferraresi<\/strong>, uno de los jefes comunales m\u00e1s cr\u00edticos de la figura de la ex mandataria.<\/p>\n\n\n\n<p>&#8220;Los \u00faltimos procesos de unidad fueron sometimiento<strong>&#8220;,<\/strong>&nbsp;enfatiz\u00f3 Ferraresi durante la actividad que organiz\u00f3 para recibir al mandatario provincial, quien comenz\u00f3 as\u00ed a hacer pie en territorio del gobernador bonaerense&nbsp;<strong>Axel Kicillof<\/strong>.<\/p>\n\n\n\n<p>En este escenario, la pelea por la conducci\u00f3n del justicialismo, cuyas elecciones ser\u00e1n el\u00a0<strong>17 de noviembre<\/strong>, estar\u00e1 entre la ex presidenta y Quintela.<\/p>\n\n\n\n<p><strong>Fuente: www.diariouno.com.ar<\/strong><\/p>\n","protected":false},"excerpt":{"rendered":"<p>La senadora\u00a0Anabel Fern\u00e1ndez Sagasti, ex presidenta del Partido Justicialista de Mendoza,\u00a0presion\u00f3 a Axel Kicillof\u00a0para que se incline por Cristina Kirchner en las elecciones partidarias del PJ, que se celebrar\u00e1n el 17 de noviembre. &#8220;El silencio de Axel es doloroso&#8221;, declar\u00f3 este jueves, mismo d\u00eda que los peronistas celebran el D\u00eda de la Lealtad, a un [&hellip;]<\/p>\n","protected":false},"author":2,"featured_media":9618,"comment_status":"open","ping_status":"open","sticky":false,"template":"","format":"standard","meta":[],"categories":[47],"tags":[],"_links":{"self":[{"href":"https:\/\/pasaenmendoza.com\/index.php?rest_route=\/wp\/v2\/posts\/9617"}],"collection":[{"href":"https:\/\/pasaenmendoza.com\/index.php?rest_route=\/wp\/v2\/posts"}],"about":[{"href":"https:\/\/pasaenmendoza.com\/index.php?rest_route=\/wp\/v2\/types\/post"}],"author":[{"embeddable":true,"href":"https:\/\/pasaenmendoza.com\/index.php?rest_route=\/wp\/v2\/users\/2"}],"replies":[{"embeddable":true,"href":"https:\/\/pasaenmendoza.com\/index.php?rest_route=%2Fwp%2Fv2%2Fcomments&post=9617"}],"version-history":[{"count":1,"href":"https:\/\/pasaenmendoza.com\/index.php?rest_route=\/wp\/v2\/posts\/9617\/revisions"}],"predecessor-version":[{"id":9619,"href":"https:\/\/pasaenmendoza.com\/index.php?rest_route=\/wp\/v2\/posts\/9617\/revisions\/9619"}],"wp:featuredmedia":[{"embeddable":true,"href":"https:\/\/pasaenmendoza.com\/index.php?rest_route=\/wp\/v2\/media\/9618"}],"wp:attachment":[{"href":"https:\/\/pasaenmendoza.com\/index.php?rest_route=%2Fwp%2Fv2%2Fmedia&parent=9617"}],"wp:term":[{"taxonomy":"category","embeddable":true,"href":"https:\/\/pasaenmendoza.com\/index.php?rest_route=%2Fwp%2Fv2%2Fcategories&post=9617"},{"taxonomy":"post_tag","embeddable":true,"href":"https:\/\/pasaenmendoza.com\/index.php?rest_route=%2Fwp%2Fv2%2Ftags&post=9617"}],"curies":[{"name":"wp","href":"https:\/\/api.w.org\/{rel}","templated":true}]}}