{"id":9623,"date":"2024-10-18T00:25:26","date_gmt":"2024-10-17T22:25:26","guid":{"rendered":"https:\/\/pasaenmendoza.com\/?p=9623"},"modified":"2024-10-18T00:25:27","modified_gmt":"2024-10-17T22:25:27","slug":"el-iscamen-libero-a-los-nuevos-mosquitos-fluo-para-combatir-al-dengue-en-mendoza","status":"publish","type":"post","link":"https:\/\/pasaenmendoza.com\/?p=9623","title":{"rendered":"El Iscamen liber\u00f3 a los nuevos mosquitos &#8220;fluo&#8221; para combatir al dengue en Mendoza"},"content":{"rendered":"\n<p>La lucha contra la proliferaci\u00f3n del\u00a0<strong>Aedes aegypti<\/strong>, el mosquito que transmite el\u00a0<strong>dengue<\/strong>, ya est\u00e1 en marcha en Mendoza. Y las nuevas estrategias que propusieron los especialistas van a sorprender a muchos.<\/p>\n\n\n\n<p>Desde el<strong>\u00a0Iscamen<\/strong>, entidad que desarroll\u00f3 la t\u00e9cnica del\u00a0<strong>mosquito est\u00e9ril<\/strong>\u00a0para combatir a estos insectos, cumplieron con su palabra: liberar a estos ejemplares antes de que el 2024 concluya.<\/p>\n\n\n\n<p><strong>Los mosquitos que acaban de soltar muestran, adem\u00e1s, un llamativo color rojo fluorescente, lo que permite distinguirlos de los otros aedes. A estos, a los coloridos, hay que tratar de no matarlos.<\/strong><\/p>\n\n\n\n<p>Estos insectos est\u00e9riles fueron liberados en un sector del departamento de Guaymall\u00e9n y lo que se realizar\u00e1 desde el Instituto, es estudiar a esta poblaci\u00f3n para determinar\u00a0<strong>c\u00f3mo se comporta el experimento<\/strong>.<\/p>\n\n\n\n<p>La imagen se viraliz\u00f3 en diversos grupos locales de WhatsApp en donde las personas se advert\u00edan unas a otras que<strong>\u00a0no mataran a estos mosquitos<\/strong>\u00a0tan extra\u00f1os: son los que llevan consigo la posibilidad de terminar con el\u00a0<strong>dengue.<\/strong><\/p>\n\n\n\n<h2 class=\"wp-block-heading\">C\u00f3mo se realiza la t\u00e9cnica de esterilizaci\u00f3n de los mosquitos macho<\/h2>\n\n\n\n<p>Seg\u00fan cont\u00f3 el secretario t\u00e9cnico del\u00a0<strong>Iscamen<\/strong>,<strong>\u00a0Guillermo Azin<\/strong>, la investigaci\u00f3n est\u00e1 en condiciones de ponerse en pr\u00e1ctica tras superar con \u00e9xito las etapas experimentales de\u00a0<strong>cr\u00eda masiva de insectos<\/strong>, de separar machos de hembras, de irradiar a los machos con rayos gamma para\u00a0<strong>dejarlos est\u00e9riles<\/strong>\u00a0y de comprobar que tienen la misma capacidad de copular que los\u00a0<strong>mosquitos<\/strong>\u00a0f\u00e9rtiles.<\/p>\n\n\n\n<p>Actualmente, la investigaci\u00f3n se encuentra en la fase de&nbsp;<strong>distribuci\u00f3n&nbsp;<\/strong>de estos mosquitos est\u00e9riles para comprobar si disminuye la poblaci\u00f3n de los insectos.<\/p>\n\n\n\n<p>Az\u00edn lo anticip\u00f3 en la nota realizada el 23 de septiembre por este medio: &#8220;Lo que se va a hacer dentro de un par de meses posiblemente es&nbsp;<strong>una prueba en alg\u00fan municipio<\/strong>&nbsp;donde trabajaremos en un \u00e1rea de 9 manzanas aproximadamente, ah\u00ed vamos a hacer liberaciones de estos insectos est\u00e9riles en forma importante&#8221;, cont\u00f3 Guillermo Az\u00edn; y revel\u00f3 que est\u00e1n hablando con los departamentos de&nbsp;<strong>Guaymall\u00e9n, Rivadavia y San Mart\u00edn<\/strong>&nbsp;por ahora &#8220;para establecer un protocolo, pero a\u00fan no est\u00e1 elegida el \u00e1rea de acci\u00f3n&#8221;.<\/p>\n\n\n\n<p>El tiempo se acort\u00f3 y no fueron un par de meses, sino un par de semanas desde este contacto con el funcionario. As\u00ed, se defini\u00f3 que la prueba se realizara en un barrio de\u00a0<strong>El Bermejo, Guaymall\u00e9n<\/strong>.<\/p>\n\n\n\n<h2 class=\"wp-block-heading\">El objetivo es el control de la reproducci\u00f3n del Aedes aegypti<\/h2>\n\n\n\n<p>Seg\u00fan explic\u00f3 oportunamente Azin, lo que har\u00e1n los investigadores es medir las poblaciones locales de insectos silvestres y as\u00ed intentar establecer una tasa de&nbsp;<strong>control de los mosquitos<\/strong>. Para esto, deben conseguir una&nbsp;<strong>liberaci\u00f3n sostenida<\/strong>&nbsp;durante algunos meses de los mosquitos machos est\u00e9riles.<\/p>\n\n\n\n<p>Para cumplir con este objetivo, los t\u00e9cnicos del Iscamen colocar\u00e1n&nbsp;<strong>trampas<\/strong>&nbsp;que permiten censar de alguna manera la poblaci\u00f3n y a esto se le sumar\u00e1n mediciones indirectas, como lo es la de los casos locales de&nbsp;<strong>dengue<\/strong>.<\/p>\n\n\n\n<p>Luego de corroborar la efectividad de la t\u00e9cnica en el control de la poblaci\u00f3n del\u00a0<strong>mosquito<\/strong>, la prueba se llevar\u00e1 a otros municipios del Gran Mendoza.<\/p>\n\n\n\n<p><strong>Fuente: www.diariouno.com.ar<\/strong><\/p>\n","protected":false},"excerpt":{"rendered":"<p>La lucha contra la proliferaci\u00f3n del\u00a0Aedes aegypti, el mosquito que transmite el\u00a0dengue, ya est\u00e1 en marcha en Mendoza. Y las nuevas estrategias que propusieron los especialistas van a sorprender a muchos. Desde el\u00a0Iscamen, entidad que desarroll\u00f3 la t\u00e9cnica del\u00a0mosquito est\u00e9ril\u00a0para combatir a estos insectos, cumplieron con su palabra: liberar a estos ejemplares antes de que [&hellip;]<\/p>\n","protected":false},"author":2,"featured_media":9624,"comment_status":"open","ping_status":"open","sticky":false,"template":"","format":"standard","meta":[],"categories":[104],"tags":[],"_links":{"self":[{"href":"https:\/\/pasaenmendoza.com\/index.php?rest_route=\/wp\/v2\/posts\/9623"}],"collection":[{"href":"https:\/\/pasaenmendoza.com\/index.php?rest_route=\/wp\/v2\/posts"}],"about":[{"href":"https:\/\/pasaenmendoza.com\/index.php?rest_route=\/wp\/v2\/types\/post"}],"author":[{"embeddable":true,"href":"https:\/\/pasaenmendoza.com\/index.php?rest_route=\/wp\/v2\/users\/2"}],"replies":[{"embeddable":true,"href":"https:\/\/pasaenmendoza.com\/index.php?rest_route=%2Fwp%2Fv2%2Fcomments&post=9623"}],"version-history":[{"count":1,"href":"https:\/\/pasaenmendoza.com\/index.php?rest_route=\/wp\/v2\/posts\/9623\/revisions"}],"predecessor-version":[{"id":9625,"href":"https:\/\/pasaenmendoza.com\/index.php?rest_route=\/wp\/v2\/posts\/9623\/revisions\/9625"}],"wp:featuredmedia":[{"embeddable":true,"href":"https:\/\/pasaenmendoza.com\/index.php?rest_route=\/wp\/v2\/media\/9624"}],"wp:attachment":[{"href":"https:\/\/pasaenmendoza.com\/index.php?rest_route=%2Fwp%2Fv2%2Fmedia&parent=9623"}],"wp:term":[{"taxonomy":"category","embeddable":true,"href":"https:\/\/pasaenmendoza.com\/index.php?rest_route=%2Fwp%2Fv2%2Fcategories&post=9623"},{"taxonomy":"post_tag","embeddable":true,"href":"https:\/\/pasaenmendoza.com\/index.php?rest_route=%2Fwp%2Fv2%2Ftags&post=9623"}],"curies":[{"name":"wp","href":"https:\/\/api.w.org\/{rel}","templated":true}]}}