{"id":9626,"date":"2024-10-18T00:31:42","date_gmt":"2024-10-17T22:31:42","guid":{"rendered":"https:\/\/pasaenmendoza.com\/?p=9626"},"modified":"2024-10-18T00:31:44","modified_gmt":"2024-10-17T22:31:44","slug":"siete-equipos-artisticos-se-presentaron-para-realizar-la-fiesta-nacional-de-la-vendimia-2025","status":"publish","type":"post","link":"https:\/\/pasaenmendoza.com\/?p=9626","title":{"rendered":"Siete equipos art\u00edsticos se presentaron para realizar la Fiesta Nacional de la Vendimia 2025"},"content":{"rendered":"\n<p>El Gobierno realiz\u00f3 este jueves la apertura de sobres del llamado a concurso p\u00fablico para la puesta en escena de la fiesta mayor de Mendoza. Los proyectos contienen guion y s\u00edntesis argumental, planteo escenogr\u00e1fico, direcci\u00f3n art\u00edstica de la puesta en escena y equipo art\u00edstico para el Acto Central y Repetici\u00f3n de la Fiesta Nacional de la\u00a0<strong>Vendimia 2025<\/strong>.<\/p>\n\n\n\n<p>Cumpliendo con los plazos establecidos, en la tarde de este jueves 17, se realiz\u00f3 la apertura de sobres con las propuestas de cada staff art\u00edstico para los dos eventos vendimiales previstos para el 8 y 9 de marzos pr\u00f3ximos.<\/p>\n\n\n\n<p>Ante la escribana p\u00fablica Ruth Celia Rosa Larraya, de la Secretar\u00eda General de Gobierno, el acto se concret\u00f3 en la Sala Elina Alba de la Subsecretar\u00eda de Cultura, ubicada en calles Espa\u00f1a y Guti\u00e9rrez de Ciudad.<\/p>\n\n\n\n<p>El proceso cont\u00f3 con la presencia de la directora de Vendimia y Producci\u00f3n Cultural, Noelia Torres; la directora general de Administraci\u00f3n de la Subsecretar\u00eda de Cultura, Anal\u00eda Salvador, y la directora de Asuntos Jur\u00eddicos, Rosana Foschi; los miembros del jurado, referentes culturales de la provincia y miembros de los equipos postulantes, se abrieron siete sobres. Inmediatamente despu\u00e9s, comenz\u00f3 el an\u00e1lisis de cada propuesta.<\/p>\n\n\n\n<h2 class=\"wp-block-heading\">Los siete equipos concursantes<\/h2>\n\n\n\n<ul>\n<li>\u201cVendimia de las puertas m\u00e1gicas\u201d, encabezado por Virginia Paes y Federico Castro y, como productora ejecutiva, Laura Rodr\u00edguez.<\/li>\n\n\n\n<li>\u201cGuardiana del vino eterno\u201d, con direcci\u00f3n general de Franco Emmanuel Ag\u00fcero y producci\u00f3n ejecutiva de Facundo Gallardo.<\/li>\n\n\n\n<li>\u201cVendimia de la uni\u00f3n y los deseos\u201c, con la direcci\u00f3n general de Marcelo Guajardo y la producci\u00f3n ejecutiva de Mar\u00eda Victoria Pettignano.<\/li>\n\n\n\n<li>\u201cCosechas de gloria\u201d, con direcci\u00f3n de Carlos Escoriza y producci\u00f3n de Mariano Morales.<\/li>\n\n\n\n<li>\u201cMendoza siempre\u201d, con la direcci\u00f3n general de Alejandro Grigor y la producci\u00f3n ejecutiva de Mar\u00eda Jos\u00e9 P\u00e9rez Coriolani.<\/li>\n\n\n\n<li>\u201cSavia, m\u00e1s all\u00e1 del tiempo\u201d, con Cecilia Herrera y Alejandro Conte a la cabeza de la direcci\u00f3n general y la producci\u00f3n ejecutiva de Lourdes Aybar.<\/li>\n\n\n\n<li>\u201cVendimia al pie de los Andes\u201d, encabezado por Rafael Ruiz y Gaspar Tello en la direcci\u00f3n general y Fernando Soto como productor ejecutivo.<\/li>\n<\/ul>\n\n\n\n<h2 class=\"wp-block-heading\"><strong>El jurado para elegir la propuesta art\u00edstica para la Vendimia 2025<\/strong><\/h2>\n\n\n\n<p>El grupo responsable de elegir la propuesta ganadora est\u00e1 conformado por un representante de cada organismo e instituci\u00f3n interviniente en la Fiesta Nacional de la Vendimia y lo integran 16 miembros con derecho a voto.<\/p>\n\n\n\n<p>Tienen la tarea de evaluar las propuestas recibidas a partir de la apertura de sobres y cumplimiento de los requisitos administrativos y t\u00e9cnicos.<\/p>\n\n\n\n<p>Los miembros del jurado son: por la Subsecretar\u00eda de Cultura, en el \u00c1rea de Historia y Antropolog\u00eda, Gustavo Enrique Capone; en el \u00c1rea Art\u00edstica, Laura Paola Beningazza; como escritor referente, Rogelio Alberto Aguilera y, en el \u00c1rea T\u00e9cnica, Sebasti\u00e1n Ariel G\u00f3mez.<\/p>\n\n\n\n<p>Por Argentores Delegaci\u00f3n Mendoza, Manuel Garc\u00eda Migani; por el sector audiovisual, Federico Javier Cardone, representante de la Escuela Regional Cuyo de Cine y Video; por los departamentos de la Provincia, Miriam Anah\u00ed Arboit; representando a Corenave (Comisi\u00f3n de Reinas Nacionales de la Vendimia) y Covinave (Comisi\u00f3n de Virreinas Nacionales de la Vendimia), Stella Maris Laborde; por la Facultad de Artes y Dise\u00f1o de la Universidad Nacional de Cuyo, Anal\u00eda Vanesa Quiroga; por los ex directores y directoras de la Fiesta Nacional de la Vendimia, Sonya Ester Sejanovich; representando al Ente Mendoza Turismo, Marcelo Eloy Montenegro; por Infraestructura de la Provincia, Emanuel Enrique Juan, y por Higiene y Seguridad, Cyntia Gisel Morales Romero.<\/p>\n\n\n\n<p>Tambi\u00e9n participan por las Asociaciones de Actores, Nuria Atencio (Asociaci\u00f3n Argentina de Actores y Actrices, delegaci\u00f3n Mendoza); por las Asociaciones de Danza: Marta Susana Valentina L\u00e9rtora (Asociaci\u00f3n Mendocina Profesionales de la Danza), Claudia Fernanda Orme\u00f1o (Asociaci\u00f3n Civil Movimiento por la Danza); Clara Alejandra Serber (So\u00f1arte) y Pablo Germ\u00e1n Chaves (Uco Hu\u00e9); y por las Asociaciones de M\u00fasicos: Arturo Eduardo Tascheret (Movimiento Independiente Mendocino de M\u00fasicos y Hacedores Afines) y Jorge Andr\u00e9s Garc\u00eda (Sindicato de M\u00fasicos de Cuyo).<\/p>\n\n\n\n<p><strong>Fuente: www.diariouno.com.ar<\/strong><\/p>\n","protected":false},"excerpt":{"rendered":"<p>El Gobierno realiz\u00f3 este jueves la apertura de sobres del llamado a concurso p\u00fablico para la puesta en escena de la fiesta mayor de Mendoza. Los proyectos contienen guion y s\u00edntesis argumental, planteo escenogr\u00e1fico, direcci\u00f3n art\u00edstica de la puesta en escena y equipo art\u00edstico para el Acto Central y Repetici\u00f3n de la Fiesta Nacional de [&hellip;]<\/p>\n","protected":false},"author":2,"featured_media":9627,"comment_status":"open","ping_status":"open","sticky":false,"template":"","format":"standard","meta":[],"categories":[74],"tags":[],"_links":{"self":[{"href":"https:\/\/pasaenmendoza.com\/index.php?rest_route=\/wp\/v2\/posts\/9626"}],"collection":[{"href":"https:\/\/pasaenmendoza.com\/index.php?rest_route=\/wp\/v2\/posts"}],"about":[{"href":"https:\/\/pasaenmendoza.com\/index.php?rest_route=\/wp\/v2\/types\/post"}],"author":[{"embeddable":true,"href":"https:\/\/pasaenmendoza.com\/index.php?rest_route=\/wp\/v2\/users\/2"}],"replies":[{"embeddable":true,"href":"https:\/\/pasaenmendoza.com\/index.php?rest_route=%2Fwp%2Fv2%2Fcomments&post=9626"}],"version-history":[{"count":1,"href":"https:\/\/pasaenmendoza.com\/index.php?rest_route=\/wp\/v2\/posts\/9626\/revisions"}],"predecessor-version":[{"id":9630,"href":"https:\/\/pasaenmendoza.com\/index.php?rest_route=\/wp\/v2\/posts\/9626\/revisions\/9630"}],"wp:featuredmedia":[{"embeddable":true,"href":"https:\/\/pasaenmendoza.com\/index.php?rest_route=\/wp\/v2\/media\/9627"}],"wp:attachment":[{"href":"https:\/\/pasaenmendoza.com\/index.php?rest_route=%2Fwp%2Fv2%2Fmedia&parent=9626"}],"wp:term":[{"taxonomy":"category","embeddable":true,"href":"https:\/\/pasaenmendoza.com\/index.php?rest_route=%2Fwp%2Fv2%2Fcategories&post=9626"},{"taxonomy":"post_tag","embeddable":true,"href":"https:\/\/pasaenmendoza.com\/index.php?rest_route=%2Fwp%2Fv2%2Ftags&post=9626"}],"curies":[{"name":"wp","href":"https:\/\/api.w.org\/{rel}","templated":true}]}}