{"id":9633,"date":"2024-10-18T00:36:27","date_gmt":"2024-10-17T22:36:27","guid":{"rendered":"https:\/\/pasaenmendoza.com\/?p=9633"},"modified":"2024-10-18T00:36:28","modified_gmt":"2024-10-17T22:36:28","slug":"el-extrano-caso-del-hombre-que-termino-con-un-balazo-en-el-rostro","status":"publish","type":"post","link":"https:\/\/pasaenmendoza.com\/?p=9633","title":{"rendered":"El extra\u00f1o caso del hombre que termin\u00f3 con un balazo en el rostro"},"content":{"rendered":"\n<p>Minutos despu\u00e9s de las 18.30 de este mi\u00e9rcoles,&nbsp;<strong>un llamado al 911 alert\u00f3 sobre un hombre baleado sobre calle Juan Domingo Per\u00f3n<\/strong>, en el asentamiento Campo Papa de Godoy Cruz. Los vecinos aportaron una primera versi\u00f3n sobre el hecho de sangre y los uniformados detectaron que la v\u00edctima presentaba una herida de arma de fuego en el p\u00f3mulo derecho.<\/p>\n\n\n\n<p>El caso comenz\u00f3 a investigarse como un intento de suicidio porque as\u00ed lo creyeron los habitantes del sector. Esa hip\u00f3tesis fue la principal durante gran parte de la jornada, cuando el caso comenz\u00f3 a ser instruido por la fiscal de Homicidios Andrea Lazo.<\/p>\n\n\n\n<p>Sin embargo, todo cambi\u00f3 este jueves luego de tomar contacto con los<mark>\u00a0informes preliminares de Polic\u00eda Cient\u00edfica y cotejar con las testimoniales<\/mark>, principalmente la de un amigo de la v\u00edctima, quien en un primer momento qued\u00f3 aprehendido porque exist\u00edan dudas sobre sus dichos.\u00a0<strong>Ni intento de autoeliminaci\u00f3n ni asesinato<\/strong>, al parecer se trat\u00f3 de un accidente mientras ambos hombres comercializaban chatarra en la zona.<\/p>\n\n\n\n<p>La reconstrucci\u00f3n sostiene que la v\u00edctima, identificada como Sergio Pedro Regido, de 40 a\u00f1os y domiciliada en la manzana M del barrio La Estanzuela, manipulaba un arma de fuego mientras pasaban por el sector.&nbsp;<strong>Este jueves por la tarde se encontraba con muerte cerebral.<\/strong><em><strong>&nbsp;<\/strong>\u201cNo hay nada que hacer para salvarle la vida\u201d,&nbsp;<\/em>detallaron durante la ma\u00f1ana fuentes hospitalarias a este diario.<\/p>\n\n\n\n<p>Por la informaci\u00f3n a la que accedi\u00f3&nbsp;<strong><em>El Sol<\/em><\/strong>, los primeros polic\u00edas que arribaron a la escena confirmaron que hab\u00eda un hombre tirado sobre la calle muy cerca de una camioneta. A pocos metros del herido,&nbsp;<strong>un sujeto que caminaba de un lado al otro invadido por la desesperaci\u00f3n.<\/strong><\/p>\n\n\n\n<p>El lesionado permanec\u00eda dec\u00fabito dorsal y a simple vista observaron rastros de sangre en el rostro. Al lado del cuerpo,&nbsp;<strong>dieron con un rev\u00f3lver gris con cachas marrones<\/strong>. En el tambor hab\u00eda proyectiles.&nbsp;<strong>Preservaron el teatro del hecho y esperaron a que llegara Polic\u00eda Cient\u00edfica.<\/strong><\/p>\n\n\n\n<p>Ante la gravedad del caso, solicitaron la presencia de una ambulancia y&nbsp;<strong>Regido fue derivado hasta un nosocomio. Su estado era desesperante<\/strong>. Es m\u00e1s, qued\u00f3 internado en Terapia Intensiva y a los pocos minutos diagnosticaron muerte cerebral.<\/p>\n\n\n\n<p>Tanto los vecinos como el hombre que lo acompa\u00f1aba, de 38 a\u00f1os y oriundo del barrio Sol y Sierra, aseguraron que no le encontraban explicaci\u00f3n a la situaci\u00f3n que vivieron pero entendieron que podr\u00eda tratarse de un suicidio. Es m\u00e1s, el testigo directo asegur\u00f3 que se encontraba en una casa a unos 20 metros cuando escuch\u00f3 la detonaci\u00f3n y que los vecinos hab\u00edan cre\u00eddo lo mismo.<\/p>\n\n\n\n<p>La escena se llen\u00f3 de polic\u00edas, principalmente de jurisdicci\u00f3n de Comisar\u00eda 40\u00aa y Polic\u00eda\u00a0<strong>Cient\u00edfica desarroll\u00f3 sus labores durante varias horas<\/strong>. Mientras esto suced\u00eda, el amigo del herido fue llevado hasta una dependencia policial y profundizaron sus labores en la Unidad Investigativa de Godoy Cruz.<\/p>\n\n\n\n<p><strong>Fuente: www.elsol.com.ar<\/strong><\/p>\n","protected":false},"excerpt":{"rendered":"<p>Minutos despu\u00e9s de las 18.30 de este mi\u00e9rcoles,&nbsp;un llamado al 911 alert\u00f3 sobre un hombre baleado sobre calle Juan Domingo Per\u00f3n, en el asentamiento Campo Papa de Godoy Cruz. Los vecinos aportaron una primera versi\u00f3n sobre el hecho de sangre y los uniformados detectaron que la v\u00edctima presentaba una herida de arma de fuego en [&hellip;]<\/p>\n","protected":false},"author":2,"featured_media":9634,"comment_status":"open","ping_status":"open","sticky":false,"template":"","format":"standard","meta":[],"categories":[48],"tags":[],"_links":{"self":[{"href":"https:\/\/pasaenmendoza.com\/index.php?rest_route=\/wp\/v2\/posts\/9633"}],"collection":[{"href":"https:\/\/pasaenmendoza.com\/index.php?rest_route=\/wp\/v2\/posts"}],"about":[{"href":"https:\/\/pasaenmendoza.com\/index.php?rest_route=\/wp\/v2\/types\/post"}],"author":[{"embeddable":true,"href":"https:\/\/pasaenmendoza.com\/index.php?rest_route=\/wp\/v2\/users\/2"}],"replies":[{"embeddable":true,"href":"https:\/\/pasaenmendoza.com\/index.php?rest_route=%2Fwp%2Fv2%2Fcomments&post=9633"}],"version-history":[{"count":1,"href":"https:\/\/pasaenmendoza.com\/index.php?rest_route=\/wp\/v2\/posts\/9633\/revisions"}],"predecessor-version":[{"id":9635,"href":"https:\/\/pasaenmendoza.com\/index.php?rest_route=\/wp\/v2\/posts\/9633\/revisions\/9635"}],"wp:featuredmedia":[{"embeddable":true,"href":"https:\/\/pasaenmendoza.com\/index.php?rest_route=\/wp\/v2\/media\/9634"}],"wp:attachment":[{"href":"https:\/\/pasaenmendoza.com\/index.php?rest_route=%2Fwp%2Fv2%2Fmedia&parent=9633"}],"wp:term":[{"taxonomy":"category","embeddable":true,"href":"https:\/\/pasaenmendoza.com\/index.php?rest_route=%2Fwp%2Fv2%2Fcategories&post=9633"},{"taxonomy":"post_tag","embeddable":true,"href":"https:\/\/pasaenmendoza.com\/index.php?rest_route=%2Fwp%2Fv2%2Ftags&post=9633"}],"curies":[{"name":"wp","href":"https:\/\/api.w.org\/{rel}","templated":true}]}}