{"id":9636,"date":"2024-10-18T00:40:56","date_gmt":"2024-10-17T22:40:56","guid":{"rendered":"https:\/\/pasaenmendoza.com\/?p=9636"},"modified":"2024-10-18T00:40:58","modified_gmt":"2024-10-17T22:40:58","slug":"estaba-escondido-detras-de-un-arbol-con-una-escopeta-lo-descubrieron-y-fue-arrestado","status":"publish","type":"post","link":"https:\/\/pasaenmendoza.com\/?p=9636","title":{"rendered":"Estaba escondido detr\u00e1s de un \u00e1rbol con una escopeta, lo descubrieron y fue arrestado"},"content":{"rendered":"\n<p>Un hombre de 40 a\u00f1os fue detenido con una<strong>&nbsp;escopeta doble ca\u00f1o<\/strong>&nbsp;en<strong>&nbsp;Las Heras<\/strong>. Pese a que intent\u00f3 esconderse de los polic\u00edas, lo descubrieron y qued\u00f3 tras las rejas.<\/p>\n\n\n\n<p>El hecho tuvo lugar alrededor de las 3.20 cuando efectivos de la<strong>&nbsp;Unidad Especial de Patrullaje Las Heras<\/strong>&nbsp;(<strong>UEP<\/strong>) recorr\u00eda a bordo de una movilidad la zona de&nbsp;<strong>calles Per\u00fa y Esqui\u00fa<\/strong>.<\/p>\n\n\n\n<p>All\u00ed, notaron la presencia de un sujeto escondido detr\u00e1s de un \u00e1rbol, quien sali\u00f3 corriendo al darse cuenta de que los uniformados lo descubrieron, de acuerdo con el relato policial.<\/p>\n\n\n\n<p>A unos 50 metros, los funcionarios le dieron alcance y lo aprehendieron. Acto seguido, procedieron a requisarlo y constataron que llevaba una<strong>&nbsp;escopeta doble ca\u00f1o calibre 16<\/strong>, oculta bajo la manga derecha del buzo que vest\u00eda.<\/p>\n\n\n\n<p>Por ese motivo, el hombre, identificado como\u00a0<strong>Cristian Guillermo Matus D\u00edaz<\/strong>, fue trasladado a la\u00a0<strong>Subcomisar\u00eda Iriarte<\/strong>\u00a0por disposici\u00f3n de la\u00a0<strong>Oficina Fiscal N\u00ba 2 de Las Heras<\/strong>.<\/p>\n\n\n\n<p><strong>Fuente: www.elsol.com.ar<\/strong><\/p>\n","protected":false},"excerpt":{"rendered":"<p>Un hombre de 40 a\u00f1os fue detenido con una&nbsp;escopeta doble ca\u00f1o&nbsp;en&nbsp;Las Heras. Pese a que intent\u00f3 esconderse de los polic\u00edas, lo descubrieron y qued\u00f3 tras las rejas. El hecho tuvo lugar alrededor de las 3.20 cuando efectivos de la&nbsp;Unidad Especial de Patrullaje Las Heras&nbsp;(UEP) recorr\u00eda a bordo de una movilidad la zona de&nbsp;calles Per\u00fa y [&hellip;]<\/p>\n","protected":false},"author":2,"featured_media":9637,"comment_status":"open","ping_status":"open","sticky":false,"template":"","format":"standard","meta":[],"categories":[48],"tags":[],"_links":{"self":[{"href":"https:\/\/pasaenmendoza.com\/index.php?rest_route=\/wp\/v2\/posts\/9636"}],"collection":[{"href":"https:\/\/pasaenmendoza.com\/index.php?rest_route=\/wp\/v2\/posts"}],"about":[{"href":"https:\/\/pasaenmendoza.com\/index.php?rest_route=\/wp\/v2\/types\/post"}],"author":[{"embeddable":true,"href":"https:\/\/pasaenmendoza.com\/index.php?rest_route=\/wp\/v2\/users\/2"}],"replies":[{"embeddable":true,"href":"https:\/\/pasaenmendoza.com\/index.php?rest_route=%2Fwp%2Fv2%2Fcomments&post=9636"}],"version-history":[{"count":1,"href":"https:\/\/pasaenmendoza.com\/index.php?rest_route=\/wp\/v2\/posts\/9636\/revisions"}],"predecessor-version":[{"id":9638,"href":"https:\/\/pasaenmendoza.com\/index.php?rest_route=\/wp\/v2\/posts\/9636\/revisions\/9638"}],"wp:featuredmedia":[{"embeddable":true,"href":"https:\/\/pasaenmendoza.com\/index.php?rest_route=\/wp\/v2\/media\/9637"}],"wp:attachment":[{"href":"https:\/\/pasaenmendoza.com\/index.php?rest_route=%2Fwp%2Fv2%2Fmedia&parent=9636"}],"wp:term":[{"taxonomy":"category","embeddable":true,"href":"https:\/\/pasaenmendoza.com\/index.php?rest_route=%2Fwp%2Fv2%2Fcategories&post=9636"},{"taxonomy":"post_tag","embeddable":true,"href":"https:\/\/pasaenmendoza.com\/index.php?rest_route=%2Fwp%2Fv2%2Ftags&post=9636"}],"curies":[{"name":"wp","href":"https:\/\/api.w.org\/{rel}","templated":true}]}}