{"id":9639,"date":"2024-10-18T15:29:15","date_gmt":"2024-10-18T13:29:15","guid":{"rendered":"https:\/\/pasaenmendoza.com\/?p=9639"},"modified":"2024-10-18T15:29:17","modified_gmt":"2024-10-18T13:29:17","slug":"poca-nubosidad-con-ascenso-de-la-temperatura-asi-estara-el-tiempo-en-mendoza","status":"publish","type":"post","link":"https:\/\/pasaenmendoza.com\/?p=9639","title":{"rendered":"Poca nubosidad, con ascenso de la temperatura: as\u00ed estar\u00e1 el tiempo en Mendoza"},"content":{"rendered":"\n<p>\u201cPoca nubosidad con&nbsp;<strong>ascenso de la temperatura,<\/strong>&nbsp;vientos moderados del noreste\u201d, es lo que indica la Direcci\u00f3n de Contingencias Clim\u00e1ticas para este viernes en el Gran Mendoza.&nbsp;<strong>La m\u00ednima ser\u00e1 de 12 grados y la m\u00e1ximas de 30.<\/strong><\/p>\n\n\n\n<p>Adem\u00e1s, se prev\u00e9 estabilidad en cordillera.<\/p>\n\n\n\n<p>Para el\u00a0<strong>s\u00e1bado<\/strong>\u00a0se pronostica: \u201cPoca nubosidad con\u00a0<strong>ascenso de la temperatura<\/strong>, vientos moderados del noreste. Estable en cordillera\u201d.\u00a0<strong>La m\u00ednima ser\u00e1 de 15 grados y la m\u00e1xima de 32.<\/strong><\/p>\n\n\n\n<p>El&nbsp;<strong>domingo<\/strong>&nbsp;estar\u00e1 \u201c<strong>caluroso<\/strong>&nbsp;con nubosidad variable, vientos del sector sur. Tormentas con inicio en el sur provincial y luego afectando sectores del centro \u2013 norte. Inestable en cordillera\u201d.&nbsp;<strong>La m\u00ednima ser\u00e1 de 16 grados y la m\u00e1xima 35.<\/strong><\/p>\n\n\n\n<p>En tanto, el\u00a0<strong>lunes\u00a0<\/strong>estar\u00e1 \u201cparcialmente nublado con lluvias y tormentas, descenso de la temperatura, vientos moderados del sector sur\u201d.\u00a0<strong>La m\u00ednima ser\u00e1 de 18 grados y la m\u00e1xima de 20.<\/strong><\/p>\n\n\n\n<p><strong>Fuente: www.elsol.com.ar<\/strong><\/p>\n","protected":false},"excerpt":{"rendered":"<p>\u201cPoca nubosidad con&nbsp;ascenso de la temperatura,&nbsp;vientos moderados del noreste\u201d, es lo que indica la Direcci\u00f3n de Contingencias Clim\u00e1ticas para este viernes en el Gran Mendoza.&nbsp;La m\u00ednima ser\u00e1 de 12 grados y la m\u00e1ximas de 30. Adem\u00e1s, se prev\u00e9 estabilidad en cordillera. Para el\u00a0s\u00e1bado\u00a0se pronostica: \u201cPoca nubosidad con\u00a0ascenso de la temperatura, vientos moderados del noreste. Estable [&hellip;]<\/p>\n","protected":false},"author":2,"featured_media":9640,"comment_status":"open","ping_status":"open","sticky":false,"template":"","format":"standard","meta":[],"categories":[52],"tags":[],"_links":{"self":[{"href":"https:\/\/pasaenmendoza.com\/index.php?rest_route=\/wp\/v2\/posts\/9639"}],"collection":[{"href":"https:\/\/pasaenmendoza.com\/index.php?rest_route=\/wp\/v2\/posts"}],"about":[{"href":"https:\/\/pasaenmendoza.com\/index.php?rest_route=\/wp\/v2\/types\/post"}],"author":[{"embeddable":true,"href":"https:\/\/pasaenmendoza.com\/index.php?rest_route=\/wp\/v2\/users\/2"}],"replies":[{"embeddable":true,"href":"https:\/\/pasaenmendoza.com\/index.php?rest_route=%2Fwp%2Fv2%2Fcomments&post=9639"}],"version-history":[{"count":1,"href":"https:\/\/pasaenmendoza.com\/index.php?rest_route=\/wp\/v2\/posts\/9639\/revisions"}],"predecessor-version":[{"id":9641,"href":"https:\/\/pasaenmendoza.com\/index.php?rest_route=\/wp\/v2\/posts\/9639\/revisions\/9641"}],"wp:featuredmedia":[{"embeddable":true,"href":"https:\/\/pasaenmendoza.com\/index.php?rest_route=\/wp\/v2\/media\/9640"}],"wp:attachment":[{"href":"https:\/\/pasaenmendoza.com\/index.php?rest_route=%2Fwp%2Fv2%2Fmedia&parent=9639"}],"wp:term":[{"taxonomy":"category","embeddable":true,"href":"https:\/\/pasaenmendoza.com\/index.php?rest_route=%2Fwp%2Fv2%2Fcategories&post=9639"},{"taxonomy":"post_tag","embeddable":true,"href":"https:\/\/pasaenmendoza.com\/index.php?rest_route=%2Fwp%2Fv2%2Ftags&post=9639"}],"curies":[{"name":"wp","href":"https:\/\/api.w.org\/{rel}","templated":true}]}}