{"id":9642,"date":"2024-10-18T15:46:51","date_gmt":"2024-10-18T13:46:51","guid":{"rendered":"https:\/\/pasaenmendoza.com\/?p=9642"},"modified":"2024-10-18T15:46:52","modified_gmt":"2024-10-18T13:46:52","slug":"se-define-el-futuro-de-los-rugbiers-franceses-acusados-de-abuso-sexual-en-mendoza","status":"publish","type":"post","link":"https:\/\/pasaenmendoza.com\/?p=9642","title":{"rendered":"Se define el futuro de los rugbiers franceses acusados de abuso sexual en Mendoza"},"content":{"rendered":"\n<p>La causa que investiga por abuso sexual a los rugbiers franceses&nbsp;<strong>Hugo Araudou y Oscar J\u00e9gou<\/strong>&nbsp;podr\u00eda definirse la ma\u00f1ana de este viernes en el&nbsp;<strong>Polo Judicial Penal<\/strong>. Tanto la Fiscal\u00eda, representada por la<strong>&nbsp;jefa de la Unidad Fiscal de Delitos Contra la Integridad Sexual Daniel Chaler&nbsp;<\/strong>y<strong>&nbsp;<\/strong>el<strong>&nbsp;fiscal Dar\u00edo Nora<\/strong>, como la defensa solicitar\u00e1n el&nbsp;<strong>sobreseimiento&nbsp;<\/strong>de los deportistas de elite denunciados por una mendocina de 39 a\u00f1os.<\/p>\n\n\n\n<p>La audiencia tendr\u00e1 su inicio a las 9 en la<strong>\u00a0Sala de Video 2 del Juzgado Penal Colegiado N\u00ba 2, ya que los\u00a0<\/strong>y la jueza\u00a0<strong>Eleonora Arenas\u00a0<\/strong>deber\u00e1 definir el pedido en conjunto de la Fiscal\u00eda y los representantes legales de los sospechosos<strong>, Rafael C\u00faneo Libarona\u00a0<\/strong>y\u00a0<strong>Germ\u00e1n Hnatow<\/strong>.<\/p>\n\n\n\n<p>A partir de las \u00faltimas pruebas incorporadas al expediente, los representantes del\u00a0<strong>Ministerio P\u00fablico Fiscal\u00a0<\/strong>(<strong>MPF<\/strong>) desestimaron la acusaci\u00f3n por\u00a0<strong>abuso sexual con acceso carnal agravado por la participaci\u00f3n de dos personas<\/strong>, que prev\u00e9 penas de entre 8 y 20 a\u00f1os de c\u00e1rcel.<\/p>\n\n\n\n<p>M\u00e1s all\u00e1 de la oposici\u00f3n de la querella, que lideran<strong>&nbsp;Mauricio Cardello&nbsp;<\/strong>y&nbsp;<strong>Natacha Romano<\/strong>, los deportistas galos fueron liberados a mediados de agosto, a partir de una serie de contradicciones entre las pruebas objetivas recolectadas por la Fiscal\u00eda y el relato de la denunciante.<\/p>\n\n\n\n<p>Por ese motivo, pudieron regresar a su pa\u00eds de origen y entrar con sus clubes. Por ese motivo, en la audiencia de este mes estar\u00e1n presentes por videoconferencia, en lo que podr\u00eda ser su \u00faltimo cara a cara con la Justicia mendocina.<\/p>\n\n\n\n<h2 class=\"wp-block-heading\" id=\"h-el-caso\">El caso<\/h2>\n\n\n\n<p>La investigaci\u00f3n contra\u00a0<strong>Jegou y Auradou<\/strong>\u00a0tuvo su inicio la tarde del domingo 7 de julio, a partir de los hechos que relat\u00f3 la denunciante ante las autoridades judiciales.<\/p>\n\n\n\n<p>De acuerdo con la versi\u00f3n de la mujer, todo comenz\u00f3 durante la madrugada de ese d\u00eda, cuando tuvo\u00a0<strong>un primer encuentro con uno de los deportistas<\/strong>\u00a0en un conocido boliche de\u00a0<strong>Carrodilla, Luj\u00e1n de Cuyo<\/strong>.<\/p>\n\n\n\n<p>En su relato, afirm\u00f3 que lleg\u00f3 hasta el local bailable con un grupo de amigas y all\u00ed conoci\u00f3 a&nbsp;<strong>Jegou<\/strong>, con quien se dirigi\u00f3 a bordo de un&nbsp;<strong>Cabify&nbsp;<\/strong>hasta un exclusivo hotel de&nbsp;<strong>avenida Belgrano<\/strong>, en&nbsp;<strong>Ciudad<\/strong>, donde se alojaba la delegaci\u00f3n francesa. El equipo se encontraba en la provincia por el amistoso en el que vencieron a&nbsp;<strong>Los Pumas<\/strong>&nbsp;en el&nbsp;<strong>estadio Malvinas Argentinas<\/strong>.<\/p>\n\n\n\n<p>La mujer segur\u00f3<strong>\u00a0que fue sometida sexualmente y golpeada<\/strong>\u00a0en la habitaci\u00f3n\u00a0por el tercera l\u00ednea de\u00a0<em>Les Blues\u00a0<\/em>y luego por su compa\u00f1ero de cuarto,\u00a0<strong>Auradou<\/strong>.<\/p>\n\n\n\n<p>El relato motiv\u00f3 que el fiscal<strong>&nbsp;Nora&nbsp;<\/strong>solicitara la<strong>&nbsp;inmediata captura de los rugbiers<\/strong>, la cual se concret\u00f3 durante el lunes 8 en un hotel de la&nbsp;<strong>Ciudad de Buenos Aires,<\/strong>&nbsp;donde los franceses hicieron escala antes de dirigirse a&nbsp;<strong>Uruguay&nbsp;<\/strong>para disputar otro partido.<\/p>\n\n\n\n<p>El jueves 11, los deportistas fueron trasladados por una comisi\u00f3n policial a Mendoza e ingresaron a una celda de la\u00a0<strong>Estaci\u00f3n Transitoria de Detenidos y Aprehendidos\u00a0<\/strong>(<strong>Estrada<\/strong>). Al d\u00eda siguiente, los imputaron\u00a0<strong>por abuso sexual con acceso carnal agravado por la participaci\u00f3n de dos personas<\/strong>, delito que prev\u00e9 penas que van de los ocho a los 20 a\u00f1os de prisi\u00f3n.<\/p>\n\n\n\n<p>Luego de seis d\u00edas de encierro, el MPF concedi\u00f3 a los dos acusados la\u00a0<strong>detenci\u00f3n domiciliaria.<\/strong>\u00a0No obstante, durante los \u00faltimos avances en la investigaci\u00f3n, las pruebas incorporadas al expediente fueron debilitando la versi\u00f3n de la denunciante.<\/p>\n\n\n\n<p>Adem\u00e1s, los propios acusados declararon y sostuvieron que hubo consentimiento mutuo en relaciones \u00edntimas que mantuvieron con la mendocina. Por ese motivo, la defensa solicit\u00f3 la liberaci\u00f3n de ambos jugadores, argumentando que\u00a0la evidencia no es suficiente para justificar la prisi\u00f3n preventiva.<\/p>\n\n\n\n<p>A eso se le sumaron otros peritajes que pusieron en duda la versi\u00f3n de la denunciante, situaci\u00f3n que provoc\u00f3 que la parte acusadora solicitara de manera inmediata el sobreseimiento de los dos rugbiers.<\/p>\n\n\n\n<p><strong>Fuente: www.elsol.com.ar<\/strong><\/p>\n","protected":false},"excerpt":{"rendered":"<p>La causa que investiga por abuso sexual a los rugbiers franceses&nbsp;Hugo Araudou y Oscar J\u00e9gou&nbsp;podr\u00eda definirse la ma\u00f1ana de este viernes en el&nbsp;Polo Judicial Penal. Tanto la Fiscal\u00eda, representada por la&nbsp;jefa de la Unidad Fiscal de Delitos Contra la Integridad Sexual Daniel Chaler&nbsp;y&nbsp;el&nbsp;fiscal Dar\u00edo Nora, como la defensa solicitar\u00e1n el&nbsp;sobreseimiento&nbsp;de los deportistas de elite denunciados [&hellip;]<\/p>\n","protected":false},"author":2,"featured_media":9643,"comment_status":"open","ping_status":"open","sticky":false,"template":"","format":"standard","meta":[],"categories":[48],"tags":[],"_links":{"self":[{"href":"https:\/\/pasaenmendoza.com\/index.php?rest_route=\/wp\/v2\/posts\/9642"}],"collection":[{"href":"https:\/\/pasaenmendoza.com\/index.php?rest_route=\/wp\/v2\/posts"}],"about":[{"href":"https:\/\/pasaenmendoza.com\/index.php?rest_route=\/wp\/v2\/types\/post"}],"author":[{"embeddable":true,"href":"https:\/\/pasaenmendoza.com\/index.php?rest_route=\/wp\/v2\/users\/2"}],"replies":[{"embeddable":true,"href":"https:\/\/pasaenmendoza.com\/index.php?rest_route=%2Fwp%2Fv2%2Fcomments&post=9642"}],"version-history":[{"count":1,"href":"https:\/\/pasaenmendoza.com\/index.php?rest_route=\/wp\/v2\/posts\/9642\/revisions"}],"predecessor-version":[{"id":9644,"href":"https:\/\/pasaenmendoza.com\/index.php?rest_route=\/wp\/v2\/posts\/9642\/revisions\/9644"}],"wp:featuredmedia":[{"embeddable":true,"href":"https:\/\/pasaenmendoza.com\/index.php?rest_route=\/wp\/v2\/media\/9643"}],"wp:attachment":[{"href":"https:\/\/pasaenmendoza.com\/index.php?rest_route=%2Fwp%2Fv2%2Fmedia&parent=9642"}],"wp:term":[{"taxonomy":"category","embeddable":true,"href":"https:\/\/pasaenmendoza.com\/index.php?rest_route=%2Fwp%2Fv2%2Fcategories&post=9642"},{"taxonomy":"post_tag","embeddable":true,"href":"https:\/\/pasaenmendoza.com\/index.php?rest_route=%2Fwp%2Fv2%2Ftags&post=9642"}],"curies":[{"name":"wp","href":"https:\/\/api.w.org\/{rel}","templated":true}]}}