{"id":9645,"date":"2024-10-18T15:51:11","date_gmt":"2024-10-18T13:51:11","guid":{"rendered":"https:\/\/pasaenmendoza.com\/?p=9645"},"modified":"2024-10-18T15:51:12","modified_gmt":"2024-10-18T13:51:12","slug":"dictaron-la-prision-preventiva-para-el-femicida-de-maipu-y-seguira-en-la-carcel","status":"publish","type":"post","link":"https:\/\/pasaenmendoza.com\/?p=9645","title":{"rendered":"Dictaron la prisi\u00f3n preventiva para el femicida de Maip\u00fa y seguir\u00e1 en la c\u00e1rcel"},"content":{"rendered":"\n<p>Tal como se esperaba, la Justicia resolvi\u00f3 este viernes dictarle la\u00a0<strong>prisi\u00f3n preventiva\u00a0<\/strong>en la c\u00e1rcel a Omar Poblete (20), el\u00a0<strong>femicida<\/strong>\u00a0de su concu\u00f1ada de 20 a\u00f1os. El hecho ocurri\u00f3 hace poco m\u00e1s de un mes en el departamento de\u00a0<strong>Maip\u00fa<\/strong>.\u00a0<\/p>\n\n\n\n<p>A primera hora de hoy, la jueza Marina Mart\u00edn acompa\u00f1\u00f3 el pedido del\u00a0fiscal Gustavo Pirrello\u00a0y de la abogada querellante Susana Soleti, para que este hombre permanezca detenido en el penal. La defensa la representa la doctora Mariana Silvestri, quien se allan\u00f3 a la solicitud de los acusadores y no hizo ning\u00fan tipo de planteos, seg\u00fan trascendi\u00f3.\u00a0<\/p>\n\n\n\n<p>Las v\u00edctimas del tremendo hecho, que conmocion\u00f3 a Mendoza, fueron Abril&nbsp;Morena Bissotto y su hija de un a\u00f1o y nueve meses. La joven&nbsp;fue asesinada a pu\u00f1aladas, en tanto que la menor de edad sufri\u00f3 un corte en la cara pero sobrevivi\u00f3. El ataque fue en la ma\u00f1ana del 12 de septiembre.&nbsp;<\/p>\n\n\n\n<p>El avance que tuvo hoy la causa, demuestra que cada vez es m\u00e1s complicada la situaci\u00f3n del sospechoso. La contundencia de las pruebas en su contra llevaron a que en la audiencia directamente su abogada no realice objeciones.\u00a0<\/p>\n\n\n\n<p>La imputaci\u00f3n para Poblete es\u00a0<strong>femicidio\u00a0<\/strong>en concurso real con homicidio agravado por alevos\u00eda en grado de tentativa, esto \u00faltimo por el ataque a la peque\u00f1a. La pena \u00fanica a futuro ser\u00e1 prisi\u00f3n perpetua.\u00a0<\/p>\n\n\n\n<p>Abril Morena&nbsp;fue&nbsp;asesinada&nbsp;a cuchillazos&nbsp;minutos despu\u00e9s de las 9 de aquel&nbsp;jueves, en su casa de calle Padre Vera al 500 de&nbsp;<strong>Maip\u00fa.<\/strong>&nbsp;Su agresor la sorprendi\u00f3 y la lesion\u00f3&nbsp;en el cuello y en el t\u00f3rax, por razones que a\u00fan se desconocen.&nbsp;<\/p>\n\n\n\n<p>El hombre, que por la relaci\u00f3n familiar viv\u00eda&nbsp;en el sector trasero del terreno junto a su pareja y sus tres hijos, escap\u00f3 corriendo por las calles y fue atrapado r\u00e1pidamente por la Polic\u00eda-ya alertada-en Palma y 20 de Junio. Ten\u00eda su vestimenta llena de sangre.&nbsp;<\/p>\n\n\n\n<p>En la escena del crimen los uniformados hallaron el arma blanca utilizada, mientras en el lugar se present\u00f3 la esposa del acusado. Declar\u00f3 que su marido estuvo toda la noche consumiendo drogas-los ex\u00e1menes toxicol\u00f3gicos dieron positivo de coca\u00edna-\u00a0y que el ataque lo habr\u00eda cometido cuando ella fue a llevar a los chicos al colegio.<\/p>\n\n\n\n<p>El<strong>&nbsp;femicida<\/strong>, sin forzar ingresos, entr\u00f3 al hogar&nbsp;de las v\u00edctimas y las agredi\u00f3, cuando&nbsp;el novio&nbsp;de Abril no estaba. Este muchacho es el hermano de la pareja del homicida.&nbsp;<\/p>\n\n\n\n<p>Nadie sabe&nbsp;por qu\u00e9 este sujeto actu\u00f3 de la manera que lo hizo. Los testigos, principalmente los familiares, refieren&nbsp;que la joven de 20 a\u00f1os y el detenido&nbsp;pr\u00e1cticamente no ten\u00edan relaci\u00f3n. Ninguno hizo menci\u00f3n a un&nbsp;conflicto previo o discusi\u00f3n en los \u00faltimos d\u00edas.&nbsp;<\/p>\n\n\n\n<p>Si todos coinciden en que este hombre estaba &#8220;perdido&#8221; por las adicciones, motivo\u00a0por el cual lo apartaban y le ped\u00edan de manera frecuente que se fuera del domicilio. &#8220;Iba y ven\u00eda, su mujer lo sacaba permanentemente&#8221;, explicaron.\u00a0Incluso, hab\u00eda regresado cerca de la medianoche del d\u00eda del crimen, y desde ese momento no tuvo ning\u00fan contacto\u00a0con Bissotto hasta que la\u00a0asesin\u00f3.\u00a0<\/p>\n\n\n\n<p><strong>Fuente: www.mdzol.com<\/strong><\/p>\n","protected":false},"excerpt":{"rendered":"<p>Tal como se esperaba, la Justicia resolvi\u00f3 este viernes dictarle la\u00a0prisi\u00f3n preventiva\u00a0en la c\u00e1rcel a Omar Poblete (20), el\u00a0femicida\u00a0de su concu\u00f1ada de 20 a\u00f1os. El hecho ocurri\u00f3 hace poco m\u00e1s de un mes en el departamento de\u00a0Maip\u00fa.\u00a0 A primera hora de hoy, la jueza Marina Mart\u00edn acompa\u00f1\u00f3 el pedido del\u00a0fiscal Gustavo Pirrello\u00a0y de la abogada [&hellip;]<\/p>\n","protected":false},"author":2,"featured_media":9646,"comment_status":"open","ping_status":"open","sticky":false,"template":"","format":"standard","meta":[],"categories":[48],"tags":[],"_links":{"self":[{"href":"https:\/\/pasaenmendoza.com\/index.php?rest_route=\/wp\/v2\/posts\/9645"}],"collection":[{"href":"https:\/\/pasaenmendoza.com\/index.php?rest_route=\/wp\/v2\/posts"}],"about":[{"href":"https:\/\/pasaenmendoza.com\/index.php?rest_route=\/wp\/v2\/types\/post"}],"author":[{"embeddable":true,"href":"https:\/\/pasaenmendoza.com\/index.php?rest_route=\/wp\/v2\/users\/2"}],"replies":[{"embeddable":true,"href":"https:\/\/pasaenmendoza.com\/index.php?rest_route=%2Fwp%2Fv2%2Fcomments&post=9645"}],"version-history":[{"count":1,"href":"https:\/\/pasaenmendoza.com\/index.php?rest_route=\/wp\/v2\/posts\/9645\/revisions"}],"predecessor-version":[{"id":9647,"href":"https:\/\/pasaenmendoza.com\/index.php?rest_route=\/wp\/v2\/posts\/9645\/revisions\/9647"}],"wp:featuredmedia":[{"embeddable":true,"href":"https:\/\/pasaenmendoza.com\/index.php?rest_route=\/wp\/v2\/media\/9646"}],"wp:attachment":[{"href":"https:\/\/pasaenmendoza.com\/index.php?rest_route=%2Fwp%2Fv2%2Fmedia&parent=9645"}],"wp:term":[{"taxonomy":"category","embeddable":true,"href":"https:\/\/pasaenmendoza.com\/index.php?rest_route=%2Fwp%2Fv2%2Fcategories&post=9645"},{"taxonomy":"post_tag","embeddable":true,"href":"https:\/\/pasaenmendoza.com\/index.php?rest_route=%2Fwp%2Fv2%2Ftags&post=9645"}],"curies":[{"name":"wp","href":"https:\/\/api.w.org\/{rel}","templated":true}]}}