{"id":965,"date":"2023-08-28T13:18:44","date_gmt":"2023-08-28T11:18:44","guid":{"rendered":"https:\/\/pasaenmendoza.com\/?p=965"},"modified":"2023-08-28T13:18:45","modified_gmt":"2023-08-28T11:18:45","slug":"parisi-propuso-que-el-item-aula-se-elimine-en-una-sesion-especial-en-la-legislatura","status":"publish","type":"post","link":"https:\/\/pasaenmendoza.com\/?p=965","title":{"rendered":"Parisi propuso que el \u00edtem Aula se elimine en una sesi\u00f3n especial en la Legislatura"},"content":{"rendered":"\n<p>El candidato a gobernador adelant\u00f3 que los legisladores del PJ pedir\u00e1n una sesi\u00f3n especial urgente.<\/p>\n\n\n\n<p>El \u00edtem Aula fue una de las principales medidas establecidas por Alfredo Cornejo durante su gesti\u00f3n, pero en esta campa\u00f1a adelant\u00f3 que revisar\u00e1 esa pol\u00edtica. Por eso, el peronista Omar Parisi pidi\u00f3 a los legisladores peronistas que convoquen a una sesi\u00f3n especial urgente para pedir la eliminaci\u00f3n del adicional.<\/p>\n\n\n\n<p>\u201cHe observado que los impulsores del \u00edtem Aula en Mendoza\u201d, en alusi\u00f3n no s\u00f3lo a Cornejo sino tambi\u00e9n a Omar De Marchi -en su momento, legisladores del PRO votaron a favor de la norma- \u201cest\u00e1n pidiendo su revisi\u00f3n\u201d.<\/p>\n\n\n\n<p>Por el contrario, m\u00e1s que una reforma, el candidato a gobernador del peronismo considera que directamente se tiene que eliminar.<\/p>\n\n\n\n<p>\u201cPara terminar con las especulaciones, he instruido a nuestros legisladores que convoquen a una sesi\u00f3n especial urgente para la eliminaci\u00f3n del \u00edtem Aula\u201d, asegur\u00f3 en un video que se conoci\u00f3 este domingo por la tarde.<\/p>\n\n\n\n<p>Pero adem\u00e1s propuso que se incorpore progresivamente al salario b\u00e1sico.<\/p>\n\n\n\n<p>FUENTE: Elsol.com.ar<\/p>\n","protected":false},"excerpt":{"rendered":"<p>El candidato a gobernador adelant\u00f3 que los legisladores del PJ pedir\u00e1n una sesi\u00f3n especial urgente. El \u00edtem Aula fue una de las principales medidas establecidas por Alfredo Cornejo durante su gesti\u00f3n, pero en esta campa\u00f1a adelant\u00f3 que revisar\u00e1 esa pol\u00edtica. Por eso, el peronista Omar Parisi pidi\u00f3 a los legisladores peronistas que convoquen a una [&hellip;]<\/p>\n","protected":false},"author":2,"featured_media":966,"comment_status":"open","ping_status":"open","sticky":false,"template":"","format":"standard","meta":[],"categories":[47],"tags":[],"_links":{"self":[{"href":"https:\/\/pasaenmendoza.com\/index.php?rest_route=\/wp\/v2\/posts\/965"}],"collection":[{"href":"https:\/\/pasaenmendoza.com\/index.php?rest_route=\/wp\/v2\/posts"}],"about":[{"href":"https:\/\/pasaenmendoza.com\/index.php?rest_route=\/wp\/v2\/types\/post"}],"author":[{"embeddable":true,"href":"https:\/\/pasaenmendoza.com\/index.php?rest_route=\/wp\/v2\/users\/2"}],"replies":[{"embeddable":true,"href":"https:\/\/pasaenmendoza.com\/index.php?rest_route=%2Fwp%2Fv2%2Fcomments&post=965"}],"version-history":[{"count":1,"href":"https:\/\/pasaenmendoza.com\/index.php?rest_route=\/wp\/v2\/posts\/965\/revisions"}],"predecessor-version":[{"id":967,"href":"https:\/\/pasaenmendoza.com\/index.php?rest_route=\/wp\/v2\/posts\/965\/revisions\/967"}],"wp:featuredmedia":[{"embeddable":true,"href":"https:\/\/pasaenmendoza.com\/index.php?rest_route=\/wp\/v2\/media\/966"}],"wp:attachment":[{"href":"https:\/\/pasaenmendoza.com\/index.php?rest_route=%2Fwp%2Fv2%2Fmedia&parent=965"}],"wp:term":[{"taxonomy":"category","embeddable":true,"href":"https:\/\/pasaenmendoza.com\/index.php?rest_route=%2Fwp%2Fv2%2Fcategories&post=965"},{"taxonomy":"post_tag","embeddable":true,"href":"https:\/\/pasaenmendoza.com\/index.php?rest_route=%2Fwp%2Fv2%2Ftags&post=965"}],"curies":[{"name":"wp","href":"https:\/\/api.w.org\/{rel}","templated":true}]}}