{"id":9666,"date":"2024-10-21T15:04:47","date_gmt":"2024-10-21T13:04:47","guid":{"rendered":"https:\/\/pasaenmendoza.com\/?p=9666"},"modified":"2024-10-21T15:04:48","modified_gmt":"2024-10-21T13:04:48","slug":"el-tiempo-en-mendoza-lunes-con-leve-descenso-de-la-temperatura-y-vientos-del-sur","status":"publish","type":"post","link":"https:\/\/pasaenmendoza.com\/?p=9666","title":{"rendered":"El tiempo en Mendoza: lunes con leve descenso de la temperatura y vientos del sur"},"content":{"rendered":"\n<p>\u201cPoca nubosidad con&nbsp;<strong>descenso de la temperatura,<\/strong>&nbsp;vientos moderados del sector sur\u201d es lo que indica la Direcci\u00f3n de Contingencias Clim\u00e1ticas para este&nbsp;<strong>lunes&nbsp;<\/strong>en el Gran Mendoza.&nbsp;<strong>La m\u00ednima ser\u00e1 de 18 grados y la m\u00e1xima llegar\u00eda a los 25.<\/strong><\/p>\n\n\n\n<p>Para el&nbsp;<strong>martes<\/strong>&nbsp;se pronostica: \u201cCielo parcialmente nublado y ventoso con&nbsp;<strong>precipitaciones aisladas<\/strong>, vientos del sector sur\u201d Adem\u00e1s se prev\u00e9n lluvias en cordillera.&nbsp;<strong>La m\u00e1xima llegar\u00e1 a los 20 grados.<\/strong><\/p>\n\n\n\n<p>El\u00a0<strong>mi\u00e9rcoles\u00a0<\/strong>estar\u00e1 \u201cmayormente nublado con<strong>\u00a0ascenso de la temperatura<\/strong>, vientos moderados del sector sur.\u201d Se pronostican nevadas en cordillera.\u00a0<strong>La m\u00e1xima llegar\u00e1 a los 26 grados.<\/strong><\/p>\n\n\n\n<p><strong>Fuente: www.elsol.com.ar<\/strong><\/p>\n","protected":false},"excerpt":{"rendered":"<p>\u201cPoca nubosidad con&nbsp;descenso de la temperatura,&nbsp;vientos moderados del sector sur\u201d es lo que indica la Direcci\u00f3n de Contingencias Clim\u00e1ticas para este&nbsp;lunes&nbsp;en el Gran Mendoza.&nbsp;La m\u00ednima ser\u00e1 de 18 grados y la m\u00e1xima llegar\u00eda a los 25. Para el&nbsp;martes&nbsp;se pronostica: \u201cCielo parcialmente nublado y ventoso con&nbsp;precipitaciones aisladas, vientos del sector sur\u201d Adem\u00e1s se prev\u00e9n lluvias en [&hellip;]<\/p>\n","protected":false},"author":2,"featured_media":9667,"comment_status":"open","ping_status":"open","sticky":false,"template":"","format":"standard","meta":[],"categories":[52],"tags":[],"_links":{"self":[{"href":"https:\/\/pasaenmendoza.com\/index.php?rest_route=\/wp\/v2\/posts\/9666"}],"collection":[{"href":"https:\/\/pasaenmendoza.com\/index.php?rest_route=\/wp\/v2\/posts"}],"about":[{"href":"https:\/\/pasaenmendoza.com\/index.php?rest_route=\/wp\/v2\/types\/post"}],"author":[{"embeddable":true,"href":"https:\/\/pasaenmendoza.com\/index.php?rest_route=\/wp\/v2\/users\/2"}],"replies":[{"embeddable":true,"href":"https:\/\/pasaenmendoza.com\/index.php?rest_route=%2Fwp%2Fv2%2Fcomments&post=9666"}],"version-history":[{"count":1,"href":"https:\/\/pasaenmendoza.com\/index.php?rest_route=\/wp\/v2\/posts\/9666\/revisions"}],"predecessor-version":[{"id":9668,"href":"https:\/\/pasaenmendoza.com\/index.php?rest_route=\/wp\/v2\/posts\/9666\/revisions\/9668"}],"wp:featuredmedia":[{"embeddable":true,"href":"https:\/\/pasaenmendoza.com\/index.php?rest_route=\/wp\/v2\/media\/9667"}],"wp:attachment":[{"href":"https:\/\/pasaenmendoza.com\/index.php?rest_route=%2Fwp%2Fv2%2Fmedia&parent=9666"}],"wp:term":[{"taxonomy":"category","embeddable":true,"href":"https:\/\/pasaenmendoza.com\/index.php?rest_route=%2Fwp%2Fv2%2Fcategories&post=9666"},{"taxonomy":"post_tag","embeddable":true,"href":"https:\/\/pasaenmendoza.com\/index.php?rest_route=%2Fwp%2Fv2%2Ftags&post=9666"}],"curies":[{"name":"wp","href":"https:\/\/api.w.org\/{rel}","templated":true}]}}