{"id":9669,"date":"2024-10-21T22:58:05","date_gmt":"2024-10-21T20:58:05","guid":{"rendered":"https:\/\/pasaenmendoza.com\/?p=9669"},"modified":"2024-10-21T22:58:06","modified_gmt":"2024-10-21T20:58:06","slug":"capturaron-a-un-acosador-callejero-que-intento-abusar-de-cinco-mujeres-en-pleno-centro","status":"publish","type":"post","link":"https:\/\/pasaenmendoza.com\/?p=9669","title":{"rendered":"Capturaron a un acosador callejero que intent\u00f3 abusar de cinco mujeres en pleno centro"},"content":{"rendered":"\n<p>Un hombre fue detenido en la noche del domingo en la plaza&nbsp;<strong>Independencia de Ciudad&nbsp;<\/strong>luego de ser identificado como el presunto responsable de acosar e intentar abusar sexualmente de cinco mujeres en la v\u00eda p\u00fablica.&nbsp;<mark>Dos de las v\u00edctimas, menores de edad, hab\u00edan denunciado las agresiones mientras se encontraban en el lugar.<\/mark><\/p>\n\n\n\n<p>El individuo, descrito por las&nbsp;<strong>v\u00edctimas de 15 y 16 a\u00f1os<\/strong>, como un hombre vestido con una camiseta gris, pantal\u00f3n corto rojo y un&nbsp;<strong>tatuaje de una rosa en su mano derecha<\/strong>, fue localizado por&nbsp;<strong>Preventores&nbsp;<\/strong>minutos despu\u00e9s de las 23.30 durante un patrullaje preventivo.<\/p>\n\n\n\n<p>Los agentes visualizaron al sospechoso mientras caminaba por el paseo p\u00fablico, por lo que solicitaron apoyo policial para terminar de cerrar la detenci\u00f3n.<\/p>\n\n\n\n<p>A pesar de que el sujeto ofreci\u00f3 fuerte resistencia para intentar escapar, fue detenido por los preventores. Posteriormente, arribaron m\u00f3viles policiales para reforzar el operativo, logrando reducirlo mientras la zona se llevaba de curiosos.<\/p>\n\n\n\n<p>Una vez confirmada la captura, la investigaci\u00f3n inicial del caso revel\u00f3 que&nbsp;<mark>el mismo hombre habr\u00eda acosado a otras tres mujeres a lo largo del d\u00eda, incluyendo a una m\u00e9dica obstetra del Hospital Central.<\/mark><\/p>\n\n\n\n<p>Las cinco v\u00edctimas confirmaron que se trataba del mismo individuo una vez que les mostraron las im\u00e1genes.\u00a0<strong>El sospechoso fue trasladado a la Comisar\u00eda Sexta, donde se labraron las actuaciones correspondientes.<\/strong><\/p>\n\n\n\n<p><strong>Fuente: www.elsol.com.ar<\/strong><\/p>\n","protected":false},"excerpt":{"rendered":"<p>Un hombre fue detenido en la noche del domingo en la plaza&nbsp;Independencia de Ciudad&nbsp;luego de ser identificado como el presunto responsable de acosar e intentar abusar sexualmente de cinco mujeres en la v\u00eda p\u00fablica.&nbsp;Dos de las v\u00edctimas, menores de edad, hab\u00edan denunciado las agresiones mientras se encontraban en el lugar. El individuo, descrito por las&nbsp;v\u00edctimas [&hellip;]<\/p>\n","protected":false},"author":2,"featured_media":9670,"comment_status":"open","ping_status":"open","sticky":false,"template":"","format":"standard","meta":[],"categories":[48],"tags":[],"_links":{"self":[{"href":"https:\/\/pasaenmendoza.com\/index.php?rest_route=\/wp\/v2\/posts\/9669"}],"collection":[{"href":"https:\/\/pasaenmendoza.com\/index.php?rest_route=\/wp\/v2\/posts"}],"about":[{"href":"https:\/\/pasaenmendoza.com\/index.php?rest_route=\/wp\/v2\/types\/post"}],"author":[{"embeddable":true,"href":"https:\/\/pasaenmendoza.com\/index.php?rest_route=\/wp\/v2\/users\/2"}],"replies":[{"embeddable":true,"href":"https:\/\/pasaenmendoza.com\/index.php?rest_route=%2Fwp%2Fv2%2Fcomments&post=9669"}],"version-history":[{"count":1,"href":"https:\/\/pasaenmendoza.com\/index.php?rest_route=\/wp\/v2\/posts\/9669\/revisions"}],"predecessor-version":[{"id":9671,"href":"https:\/\/pasaenmendoza.com\/index.php?rest_route=\/wp\/v2\/posts\/9669\/revisions\/9671"}],"wp:featuredmedia":[{"embeddable":true,"href":"https:\/\/pasaenmendoza.com\/index.php?rest_route=\/wp\/v2\/media\/9670"}],"wp:attachment":[{"href":"https:\/\/pasaenmendoza.com\/index.php?rest_route=%2Fwp%2Fv2%2Fmedia&parent=9669"}],"wp:term":[{"taxonomy":"category","embeddable":true,"href":"https:\/\/pasaenmendoza.com\/index.php?rest_route=%2Fwp%2Fv2%2Fcategories&post=9669"},{"taxonomy":"post_tag","embeddable":true,"href":"https:\/\/pasaenmendoza.com\/index.php?rest_route=%2Fwp%2Fv2%2Ftags&post=9669"}],"curies":[{"name":"wp","href":"https:\/\/api.w.org\/{rel}","templated":true}]}}