{"id":9673,"date":"2024-10-21T23:08:35","date_gmt":"2024-10-21T21:08:35","guid":{"rendered":"https:\/\/pasaenmendoza.com\/?p=9673"},"modified":"2024-10-21T23:08:37","modified_gmt":"2024-10-21T21:08:37","slug":"todo-lo-que-se-sabe-del-caso-de-la-mujer-hallada-desnuda-y-atropellada-en-el-puerto-seco-de-godoy-cruz","status":"publish","type":"post","link":"https:\/\/pasaenmendoza.com\/?p=9673","title":{"rendered":"Todo lo que se sabe del caso de la mujer hallada desnuda y atropellada en el Puerto Seco de Godoy Cruz"},"content":{"rendered":"\n<p>Un hombre de nacionalidad chilena de 44 a\u00f1os qued\u00f3 imputado este lunes por intento de femicidio por ser el&nbsp;<strong>\u00fanico sospechoso de intentar matar a su pareja atropell\u00e1ndola en un extra\u00f1o episodio ocurrido el s\u00e1bado cerca del Puerto Seco de Godoy Cruz.<\/strong><\/p>\n\n\n\n<p>La mujer, cuya identidad se reserva pero trascendi\u00f3 que tiene 45 a\u00f1os, permanec\u00eda internada en estado cr\u00edtico en el Hospital Central, mientras los investigadores intentan esclarecer las circunstancias del caso analizando c\u00e1maras de seguridad y buscando testigos. En principio,<strong>&nbsp;trascendi\u00f3 que se trat\u00f3 de un hecho intencional, aunque no descartan una discusi\u00f3n seguida por un accidente.<\/strong><\/p>\n\n\n\n<p>Seg\u00fan las primeras averiguaciones, el hecho habr\u00eda ocurrido tras una fuerte pelea entre ambos mientras preparaban un viaje a Chile. Se sospecha que tanto el presunto agresor, identificado como Daniel Andr\u00e9s Quijada, como la v\u00edctima, se encontraban bajo los efectos del consumo de sustancias, una hip\u00f3tesis que las autoridades est\u00e1n tratando de confirmar.\u00a0<strong>Al parecer, el camionero embisti\u00f3 a la mujer con el pesado rodado, marca Mercedes Benz, intent\u00f3 huir,<\/strong>\u00a0pero fue detenido poco despu\u00e9s por efectivos policiales.<\/p>\n\n\n\n<p>Fuentes del nosocomio de calle Alem aportaron que<mark>\u00a0la v\u00edctima \u201clucha por su vida\u201d en Terapia Intensiva, mientras su agresor fue puesto a disposici\u00f3n judicial y formalmente acusado por el delito de intento de femicidio<\/mark>. Luego de ser notificado de\u00a0la acusaci\u00f3n en su contra, se abstuvo a declarar.<\/p>\n\n\n\n<h2 class=\"wp-block-heading\" id=\"h-gravemente-herida-y-sin-ropa\">Gravemente herida y sin ropa<\/h2>\n\n\n\n<p>El presunto intento de femicidio comenz\u00f3 a ser instruido el s\u00e1bado durante la madrugada cuando<strong>&nbsp;encontraron a la mujer agonizando, desnuda y herida en una calle interna del ingreso a Puerto Seco<\/strong>, ubicado sobre calle Independencia.<\/p>\n\n\n\n<p>A las 6.15, un camionero que alert\u00f3 al 911 sobre la situaci\u00f3n. Al llegar al lugar, personal policial y del Servicio de Emergencia Coordinado (SEC) encontraron a la mujer en condiciones alarmantes.<\/p>\n\n\n\n<p>En el sitio,&nbsp;<strong>se observaron manchas de sangre y una zapatilla<\/strong>, pero se carec\u00eda de otros indicios claros del suceso, ya que el \u00e1rea no cuenta con alumbrado p\u00fablico ni c\u00e1maras de seguridad en ese sector. La Unidad Investigativa de Godoy Cruz recuper\u00f3 la otra zapatilla y prendas de vestir en el hospital. Debido a su estado de shock, la mujer no pudo ser identificada de inmediato.<\/p>\n\n\n\n<p>Posteriormente, se utiliz\u00f3 un sistema biom\u00e9trico para establecer sus datos filiatorios. A las 14.17, la madre dijo de la v\u00edctima se comunic\u00f3 con el 911 e inform\u00f3 que su hija estaba de viaje en Chile con su pareja.&nbsp;<strong>Explic\u00f3 mencion\u00f3 que hab\u00eda recibido una llamada del chofer, quien la culpaba por el \u201caccidente\u201d que la dej\u00f3 gravemente herida.<\/strong><\/p>\n\n\n\n<p>Tras recibir esta informaci\u00f3n, personal de Investigaciones se dirigi\u00f3 a la Estaci\u00f3n de Servicio Mercosur en la Ruta 7 y logr\u00f3 localizar y capturar al camionero chileno.<\/p>\n\n\n\n<p>La imputaci\u00f3n preliminar es por intento de femicidio, mientras los investigadores trabajan para esclarecer todos los detalles del suceso.<\/p>\n\n\n\n<p><strong>La fiscal Lazo orden\u00f3 que se realizaran peritajes en el cami\u00f3n Mercedes Benz de Quijada\u00a0<\/strong>y hallaron rastros de sangre. Tras ser detenido, el sujeto dijo a los polic\u00edas que discutieron y que<mark>\u00a0la mujer se baj\u00f3 del rodado y que no volvi\u00f3 a tener contacto con ella, negando intenci\u00f3n de matarla.<\/mark><\/p>\n\n\n\n<p><strong>Fuente: www.elsol.com.ar<\/strong><\/p>\n","protected":false},"excerpt":{"rendered":"<p>Un hombre de nacionalidad chilena de 44 a\u00f1os qued\u00f3 imputado este lunes por intento de femicidio por ser el&nbsp;\u00fanico sospechoso de intentar matar a su pareja atropell\u00e1ndola en un extra\u00f1o episodio ocurrido el s\u00e1bado cerca del Puerto Seco de Godoy Cruz. La mujer, cuya identidad se reserva pero trascendi\u00f3 que tiene 45 a\u00f1os, permanec\u00eda internada [&hellip;]<\/p>\n","protected":false},"author":2,"featured_media":9674,"comment_status":"open","ping_status":"open","sticky":false,"template":"","format":"standard","meta":[],"categories":[48],"tags":[],"_links":{"self":[{"href":"https:\/\/pasaenmendoza.com\/index.php?rest_route=\/wp\/v2\/posts\/9673"}],"collection":[{"href":"https:\/\/pasaenmendoza.com\/index.php?rest_route=\/wp\/v2\/posts"}],"about":[{"href":"https:\/\/pasaenmendoza.com\/index.php?rest_route=\/wp\/v2\/types\/post"}],"author":[{"embeddable":true,"href":"https:\/\/pasaenmendoza.com\/index.php?rest_route=\/wp\/v2\/users\/2"}],"replies":[{"embeddable":true,"href":"https:\/\/pasaenmendoza.com\/index.php?rest_route=%2Fwp%2Fv2%2Fcomments&post=9673"}],"version-history":[{"count":1,"href":"https:\/\/pasaenmendoza.com\/index.php?rest_route=\/wp\/v2\/posts\/9673\/revisions"}],"predecessor-version":[{"id":9675,"href":"https:\/\/pasaenmendoza.com\/index.php?rest_route=\/wp\/v2\/posts\/9673\/revisions\/9675"}],"wp:featuredmedia":[{"embeddable":true,"href":"https:\/\/pasaenmendoza.com\/index.php?rest_route=\/wp\/v2\/media\/9674"}],"wp:attachment":[{"href":"https:\/\/pasaenmendoza.com\/index.php?rest_route=%2Fwp%2Fv2%2Fmedia&parent=9673"}],"wp:term":[{"taxonomy":"category","embeddable":true,"href":"https:\/\/pasaenmendoza.com\/index.php?rest_route=%2Fwp%2Fv2%2Fcategories&post=9673"},{"taxonomy":"post_tag","embeddable":true,"href":"https:\/\/pasaenmendoza.com\/index.php?rest_route=%2Fwp%2Fv2%2Ftags&post=9673"}],"curies":[{"name":"wp","href":"https:\/\/api.w.org\/{rel}","templated":true}]}}