{"id":9682,"date":"2024-10-21T23:50:46","date_gmt":"2024-10-21T21:50:46","guid":{"rendered":"https:\/\/pasaenmendoza.com\/?p=9682"},"modified":"2024-10-21T23:50:47","modified_gmt":"2024-10-21T21:50:47","slug":"cronograma-la-dge-abrio-las-inscripciones-para-el-ingreso-a-la-secundaria","status":"publish","type":"post","link":"https:\/\/pasaenmendoza.com\/?p=9682","title":{"rendered":"Cronograma: la DGE abri\u00f3 las inscripciones para el ingreso a la Secundaria"},"content":{"rendered":"\n<p>Con el objetivo de garantizar la continuidad de la trayectoria escolar de todos los&nbsp;<strong>alumnos de Mendoza<\/strong>&nbsp;que ingresar\u00e1n a&nbsp;<strong>Primer a\u00f1o&nbsp;<\/strong>del ciclo lectivo 2025, la (DGE) abri\u00f3 las&nbsp;<strong>inscripciones<\/strong>&nbsp;para todos los alumnos que est\u00e9n culminando el nivel Primario.<\/p>\n\n\n\n<p>Tal como ha ocurrido a\u00f1os anteriores, a trav\u00e9s del memor\u00e1ndum 07706127, las autoridades dieron a conocer los procedimientos y las fechas para el ingreso a primer a\u00f1o del secundario.<\/p>\n\n\n\n<p>\u201cLuego de un relevamiento realizado en el nivel Primario, estamos en condiciones de asegurar que teniendo en cuenta el n\u00famero de aspirantes, contamos con un 10% o 15% m\u00e1s de vacantes, por lo que llevamos tranquilidad a los padres\u201d, expres\u00f3<strong> Moreno<\/strong>, director de Ense\u00f1anza Secundaria.<\/p>\n\n\n\n<p>Asimismo, el funcionario recalc\u00f3 que \u201csi bien cada escuela tiene una cantidad de vacantes, hay establecimientos que son muy requeridos\u00a0\u00a0y se quedan sin cupos,\u00a0pero lugar hay para todos los chicos de la provincia\u201d.<\/p>\n\n\n\n<h2 class=\"wp-block-heading\" id=\"h-como-hago-para-asegurar-el-banco-de-mi-hijo-en-el-secundario\">C\u00f3mo hago para asegurar el banco de mi hijo en el secundario<\/h2>\n\n\n\n<p>Son&nbsp;<strong>cuatro instancias<\/strong>&nbsp;de inscripci\u00f3n con el fin de garantizar un banco a cada estudiante que debe continuar con sus estudios ingresando a un nuevo nivel educativo obligatorio.<\/p>\n\n\n\n<h3 class=\"wp-block-heading\" id=\"h-c-ronograma-de-las-instancias-y-fechas\">C<strong>ronograma de las instancias y fechas<\/strong>:<\/h3>\n\n\n\n<h4 class=\"wp-block-heading\" id=\"h-primera-instancia\">\u2013 Primera Instancia:<\/h4>\n\n\n\n<p>Estudiantes con prioridad por Sistema GEM<\/p>\n\n\n\n<p><strong>-21 al 25 de octubre:<\/strong>&nbsp;Preinscripci\u00f3n a estudiantes hermanos de la escuela.<\/p>\n\n\n\n<p><strong>-28 al 29 de octubre:<\/strong>&nbsp;Inscripci\u00f3n a estudiantes con discapacidad certificada.<\/p>\n\n\n\n<p>Estudiantes por escuela de origen<\/p>\n\n\n\n<p><strong>-30 y 31 de octubre:<\/strong>&nbsp;preinscripci\u00f3n de estudiantes de edificios compartidos y estudiantes y estudiantes de edificios escolares cercanos<\/p>\n\n\n\n<p><strong>-1 al 5 de noviembre:\u00a0<\/strong>Inscripci\u00f3n a estudiantes de los n\u00facleos de articulaci\u00f3n del Plan Provincial de Articulaci\u00f3n.<\/p>\n\n\n\n<p><strong>-4 y 5 de noviembre:<\/strong>&nbsp;preinscripci\u00f3n de abanderados y escoltas titulares.<\/p>\n\n\n\n<p><strong>Los d\u00edas 7 y 8 de noviembre<\/strong>&nbsp;las escuelas deber\u00e1n dar a conocer los listados con la asignaci\u00f3n de banco en cada categor\u00eda de la primera instancia.<\/p>\n\n\n\n<h4 class=\"wp-block-heading\" id=\"h-segunda-instancia\">\u2013 Segunda Instancia:<\/h4>\n\n\n\n<p><strong>-11 al 14 de noviembre:<\/strong>&nbsp;las familias junto a los estudiantes por Sistema GEM-PAD podr\u00e1n realizar la elecci\u00f3n entre tres y cinco opciones.<\/p>\n\n\n\n<p><strong>-26 de noviembre:<\/strong>&nbsp;se realizar\u00e1 el procedimiento de corrida de bancos.<\/p>\n\n\n\n<p><strong>-28 de noviembre:<\/strong>&nbsp;publicaci\u00f3n de los bancos asignados en la segunda instancia<\/p>\n\n\n\n<p><strong>-28 de noviembre:<\/strong>&nbsp;al&nbsp; de diciembre: confirmaci\u00f3n del banco a cargo de los adultos responsables y presentaci\u00f3n de documentaci\u00f3n en la escuela asignada.<\/p>\n\n\n\n<h4 class=\"wp-block-heading\" id=\"h-tercera-instancia\">\u2013 Tercera Instancia:<\/h4>\n\n\n\n<p><strong>-9 al 17 de diciembre:<\/strong>&nbsp;asignaci\u00f3n de bancos disponibles realizadas desde las supervisiones para estudiantes que no participaron en las instancias anteriores.<\/p>\n\n\n\n<h4 class=\"wp-block-heading\" id=\"h-cuarta-instancia\">\u2013 Cuarta Instancia:<\/h4>\n\n\n\n<p><strong>-18 al 20 de diciembre:<\/strong>&nbsp;atenci\u00f3n para la asignaci\u00f3n de bancos desde la direcci\u00f3n de l\u00ednea de nivel secundario.<\/p>\n\n\n\n<p>\u201cEn todos los casos, una vez que el alumno reciba la asignaci\u00f3n del banco la misma debe ser confirmada por sus progenitores. Para ello, los padres deber\u00e1n dirigirse a la escuela y asegurar que toma el cupo o renuncia al mismo, en caso de que ya haya logrado otro\u201d, aclar\u00f3 Moreno.<\/p>\n\n\n\n<p><object data=\"https:\/\/newspack-elsol.s3.amazonaws.com\/wp-content\/uploads\/2024\/10\/ME-2024-07706127-GDEMZA-SUBEDUCACIONDGE-2.pdf\" type=\"application\/pdf\"><\/object><\/p>\n\n\n\n<p><strong>Fuente: www.elsol.com.ar<\/strong><\/p>\n","protected":false},"excerpt":{"rendered":"<p>Con el objetivo de garantizar la continuidad de la trayectoria escolar de todos los&nbsp;alumnos de Mendoza&nbsp;que ingresar\u00e1n a&nbsp;Primer a\u00f1o&nbsp;del ciclo lectivo 2025, la (DGE) abri\u00f3 las&nbsp;inscripciones&nbsp;para todos los alumnos que est\u00e9n culminando el nivel Primario. Tal como ha ocurrido a\u00f1os anteriores, a trav\u00e9s del memor\u00e1ndum 07706127, las autoridades dieron a conocer los procedimientos y las [&hellip;]<\/p>\n","protected":false},"author":2,"featured_media":9683,"comment_status":"open","ping_status":"open","sticky":false,"template":"","format":"standard","meta":[],"categories":[56],"tags":[],"_links":{"self":[{"href":"https:\/\/pasaenmendoza.com\/index.php?rest_route=\/wp\/v2\/posts\/9682"}],"collection":[{"href":"https:\/\/pasaenmendoza.com\/index.php?rest_route=\/wp\/v2\/posts"}],"about":[{"href":"https:\/\/pasaenmendoza.com\/index.php?rest_route=\/wp\/v2\/types\/post"}],"author":[{"embeddable":true,"href":"https:\/\/pasaenmendoza.com\/index.php?rest_route=\/wp\/v2\/users\/2"}],"replies":[{"embeddable":true,"href":"https:\/\/pasaenmendoza.com\/index.php?rest_route=%2Fwp%2Fv2%2Fcomments&post=9682"}],"version-history":[{"count":1,"href":"https:\/\/pasaenmendoza.com\/index.php?rest_route=\/wp\/v2\/posts\/9682\/revisions"}],"predecessor-version":[{"id":9684,"href":"https:\/\/pasaenmendoza.com\/index.php?rest_route=\/wp\/v2\/posts\/9682\/revisions\/9684"}],"wp:featuredmedia":[{"embeddable":true,"href":"https:\/\/pasaenmendoza.com\/index.php?rest_route=\/wp\/v2\/media\/9683"}],"wp:attachment":[{"href":"https:\/\/pasaenmendoza.com\/index.php?rest_route=%2Fwp%2Fv2%2Fmedia&parent=9682"}],"wp:term":[{"taxonomy":"category","embeddable":true,"href":"https:\/\/pasaenmendoza.com\/index.php?rest_route=%2Fwp%2Fv2%2Fcategories&post=9682"},{"taxonomy":"post_tag","embeddable":true,"href":"https:\/\/pasaenmendoza.com\/index.php?rest_route=%2Fwp%2Fv2%2Ftags&post=9682"}],"curies":[{"name":"wp","href":"https:\/\/api.w.org\/{rel}","templated":true}]}}