{"id":9685,"date":"2024-10-21T23:56:52","date_gmt":"2024-10-21T21:56:52","guid":{"rendered":"https:\/\/pasaenmendoza.com\/?p=9685"},"modified":"2024-10-21T23:56:53","modified_gmt":"2024-10-21T21:56:53","slug":"no-sera-del-35-anses-confirmo-el-aumento-real-para-jubilados-auh-y-aue-en-noviembre-2024","status":"publish","type":"post","link":"https:\/\/pasaenmendoza.com\/?p=9685","title":{"rendered":"No ser\u00e1 del 3,5%: ANSES confirm\u00f3 el aumento real para jubilados, AUH y AUE en noviembre 2024"},"content":{"rendered":"\n<p>A pesar de que el Indec inform\u00f3 que la inflaci\u00f3n de agosto, por la que se gu\u00eda\u00a0<strong>ANSES<\/strong>\u00a0para dar los aumentos a\u00a0<strong>jubilados<\/strong>\u00a0y\u00a0<strong>asignaciones<\/strong>\u00a0<strong>familiares<\/strong>\u00a0<strong>y<\/strong>\u00a0<strong>universales<\/strong>\u00a0en noviembre, fue del 3,5%, este no ser\u00e1 finalmente el porcentaje de incremento que dar\u00e1 el organismo de seguridad social.<\/p>\n\n\n\n<p>Seg\u00fan confirm\u00f3&nbsp;<strong>ANSES<\/strong>, a trav\u00e9s del Bolet\u00edn Oficial, el incremento de&nbsp;<strong>ANSES&nbsp;<\/strong>para todos los&nbsp;<strong>jubilados&nbsp;<\/strong>y titulares de&nbsp;<strong>AUH<\/strong>&nbsp;y&nbsp;<strong>AUE<\/strong>, entre otros, ser\u00e1 un poco menor del 3,5% y esto es atribuido a que la cifra dada a conocer por el INDEC habr\u00eda sido un redondeo del porcentaje.<\/p>\n\n\n\n<h2 class=\"wp-block-heading\">ANSES: de cu\u00e1nto ser\u00e1 el aumento para los jubilados y beneficiarios de AUH y AUE en noviembre 2024<\/h2>\n\n\n\n<p>Desde ANSES explicaron que el aumento que tendr\u00e1n los jubilados y los titulares de la Asignaci\u00f3n Universal por Hijo y de la Asignaci\u00f3n Universal por Embarazo, entre otros, no va a alcanzar el 3,5% anunciado por el&nbsp;<strong>INDEC<\/strong>.<\/p>\n\n\n\n<p>En su lugar, a trav\u00e9s del Bolet\u00edn Oficial, se dio a conocer que el aumento de\u00a0<strong>ANSES\u00a0<\/strong>en noviembre ser\u00e1 del 3,47%. Si bien, la diferencia es menor, no deja de ser importante para los sectores de\u00a0<strong>jubilados\u00a0<\/strong>y de beneficiarios de\u00a0<strong>asignaciones universales y familiares<\/strong>.<\/p>\n\n\n\n<p><strong>Fuente: www.diariouno.com.ar<\/strong><\/p>\n","protected":false},"excerpt":{"rendered":"<p>A pesar de que el Indec inform\u00f3 que la inflaci\u00f3n de agosto, por la que se gu\u00eda\u00a0ANSES\u00a0para dar los aumentos a\u00a0jubilados\u00a0y\u00a0asignaciones\u00a0familiares\u00a0y\u00a0universales\u00a0en noviembre, fue del 3,5%, este no ser\u00e1 finalmente el porcentaje de incremento que dar\u00e1 el organismo de seguridad social. Seg\u00fan confirm\u00f3&nbsp;ANSES, a trav\u00e9s del Bolet\u00edn Oficial, el incremento de&nbsp;ANSES&nbsp;para todos los&nbsp;jubilados&nbsp;y titulares de&nbsp;AUH&nbsp;y&nbsp;AUE, entre [&hellip;]<\/p>\n","protected":false},"author":2,"featured_media":9686,"comment_status":"open","ping_status":"open","sticky":false,"template":"","format":"standard","meta":[],"categories":[57],"tags":[],"_links":{"self":[{"href":"https:\/\/pasaenmendoza.com\/index.php?rest_route=\/wp\/v2\/posts\/9685"}],"collection":[{"href":"https:\/\/pasaenmendoza.com\/index.php?rest_route=\/wp\/v2\/posts"}],"about":[{"href":"https:\/\/pasaenmendoza.com\/index.php?rest_route=\/wp\/v2\/types\/post"}],"author":[{"embeddable":true,"href":"https:\/\/pasaenmendoza.com\/index.php?rest_route=\/wp\/v2\/users\/2"}],"replies":[{"embeddable":true,"href":"https:\/\/pasaenmendoza.com\/index.php?rest_route=%2Fwp%2Fv2%2Fcomments&post=9685"}],"version-history":[{"count":1,"href":"https:\/\/pasaenmendoza.com\/index.php?rest_route=\/wp\/v2\/posts\/9685\/revisions"}],"predecessor-version":[{"id":9687,"href":"https:\/\/pasaenmendoza.com\/index.php?rest_route=\/wp\/v2\/posts\/9685\/revisions\/9687"}],"wp:featuredmedia":[{"embeddable":true,"href":"https:\/\/pasaenmendoza.com\/index.php?rest_route=\/wp\/v2\/media\/9686"}],"wp:attachment":[{"href":"https:\/\/pasaenmendoza.com\/index.php?rest_route=%2Fwp%2Fv2%2Fmedia&parent=9685"}],"wp:term":[{"taxonomy":"category","embeddable":true,"href":"https:\/\/pasaenmendoza.com\/index.php?rest_route=%2Fwp%2Fv2%2Fcategories&post=9685"},{"taxonomy":"post_tag","embeddable":true,"href":"https:\/\/pasaenmendoza.com\/index.php?rest_route=%2Fwp%2Fv2%2Ftags&post=9685"}],"curies":[{"name":"wp","href":"https:\/\/api.w.org\/{rel}","templated":true}]}}