{"id":9691,"date":"2024-10-22T22:19:47","date_gmt":"2024-10-22T20:19:47","guid":{"rendered":"https:\/\/pasaenmendoza.com\/?p=9691"},"modified":"2024-10-22T22:19:49","modified_gmt":"2024-10-22T20:19:49","slug":"como-sigue-el-caso-del-profesor-acusado-de-ensenar-contenido-pornografico","status":"publish","type":"post","link":"https:\/\/pasaenmendoza.com\/?p=9691","title":{"rendered":"C\u00f3mo sigue el caso del profesor acusado de ense\u00f1ar contenido &#8220;pornogr\u00e1fico&#8221;"},"content":{"rendered":"\n<p>Hace una semana, se desat\u00f3 la pol\u00e9mica en Mendoza\u00a0luego de que se dieran a conocer seis\u00a0<strong>denuncias<\/strong>\u00a0penales que hab\u00edan llegado al Ministerio P\u00fablico Fiscal en contra de un profesor, de iniciales J.V., que dando clases en un colegio privado de la provincia hab\u00eda entregado bibliograf\u00eda con contenido &#8220;pornogr\u00e1fico&#8221;.<\/p>\n\n\n\n<p>En los primero d\u00edas del mes de octubre\u00a0se conoci\u00f3 la situaci\u00f3n que hab\u00edan vivido algunos alumnos del\u00a0<strong>Colegio Coraz\u00f3n de Mar\u00eda<\/strong>\u00a0cuando un profesor de la materia Lengua y Literatura los incit\u00f3 a relatar\u00a0en detalle el contenido sexual de un libro que les hab\u00eda hecho leer.<\/p>\n\n\n\n<p>A ra\u00edz de esto, los progenitores de los alumnos de esta instituci\u00f3n&nbsp;que asist\u00edan a la materia dictada por este profesor, realizaron&nbsp;seis&nbsp;denuncias&nbsp;penales en contra del docente.<\/p>\n\n\n\n<p>Desde la<strong>\u00a0Direcci\u00f3n General de Escuelas (DGE)<\/strong>\u00a0confirmaron que el docente est\u00e1 suspendido por 20 d\u00edas y una\u00a0investigaci\u00f3n se encuentra en curso.<\/p>\n\n\n\n<h2 class=\"wp-block-heading\">Situaci\u00f3n judicial del docente<\/h2>\n\n\n\n<p>Mientras que desde\u00a0el Ministerio P\u00fablico Fiscal confirman las\u00a0denuncias\u00a0y aclararon que\u00a0por ahora no se procedido con la imputaci\u00f3n del docente implicado ya que no habr\u00eda un delito y las consecuencias que podr\u00eda recibir tendr\u00edan m\u00e1s que ver con\u00a0una decisi\u00f3n administrativa del colegio de apartarlo de su cargo.<\/p>\n\n\n\n<p>Las&nbsp;denuncias&nbsp;que est\u00e1n siendo evaluadas son todas de padres del colegio Coraz\u00f3n de Mar\u00eda y todas corresponden al ciclo lectivo 2024, pero a\u00fan no se determina a qu\u00e9 fiscal\u00eda ser\u00e1n remitidas, debido a que&nbsp;no se ha determinado si existe&nbsp;delito o no. Por lo que el profesor est\u00e1 denunciado, no acusado.<\/p>\n\n\n\n<p>El posible delito en el que podr\u00edan encuadrarse las denuncias es el de\u00a0<strong>corrupci\u00f3n de menores<\/strong>.\u00a0El docente lleva cerca de\u00a010\u00a0a\u00f1os prestando servicios educativos en esta escuela y lo ha hecho en distintos grados, pero los episodios de conflicto ocurrieron con alumnos de quinto a\u00f1o del secundario.<\/p>\n\n\n\n<h2 class=\"wp-block-heading\">Acciones del colegio<\/h2>\n\n\n\n<p>El colegio se expres\u00f3 a trav\u00e9s de un comunicado para los padres de la instituci\u00f3n y explic\u00f3 que:&nbsp;suspendi\u00f3 al docente y le&nbsp;prohibi\u00f3&nbsp;el ingreso al establecimiento y cualquier tipo de contacto con los estudiantes, ya sea por medios f\u00edsicos o electr\u00f3nicos. Esta medida es la m\u00e1s grave que puede tomar la instituci\u00f3n, dada la calidad de delegado sindical del profesor. Pero&nbsp;la instituci\u00f3n ha decidido la&nbsp;desvinculaci\u00f3n definitiva del profesional de la educaci\u00f3n y&nbsp;ya se lo notific\u00f3 sobre&nbsp;esta decisi\u00f3n.<\/p>\n\n\n\n<p>Con esta suspensi\u00f3n, el colegio ha iniciado las gestiones necesarias ante la Secretar\u00eda de Trabajo de la Naci\u00f3n para obtener la autorizaci\u00f3n para quitarle los fueros sindicales ante las C\u00e1maras del Trabajo. La medida de suspensi\u00f3n se mantendr\u00e1 de&nbsp;manera ininterrumpida hasta contar con una autorizaci\u00f3n judicial para la&nbsp;desvinculaci\u00f3n definitiva del docente&nbsp;del colegio.<\/p>\n\n\n\n<p>Adem\u00e1s, la instituci\u00f3n educativa ha&nbsp;dispuesto un acompa\u00f1amiento especializado para los alumnos y alumnas de 5\u00ba a\u00f1o, a trav\u00e9s del Departamento de Orientaci\u00f3n y el equipo de docentes del nivel secundario, que incluir\u00e1 sesiones individuales y grupales de contenci\u00f3n emocional, asesoramiento acad\u00e9mico, y seguimiento personalizado, con el fin de brindarles el apoyo necesario en este dif\u00edcil momento.<\/p>\n\n\n\n<h2 class=\"wp-block-heading\">Respaldo del gremio<\/h2>\n\n\n\n<p>El gremio de docentes privados se expres\u00f3 en defensa del profesor y afirma que se trata de un \u201censa\u00f1amiento\u201d contra el docente, adem\u00e1s de acusar una presunta \u201cpersecuci\u00f3n ideol\u00f3gica\u201d.<\/p>\n\n\n\n<p>Desde el gremio SADOP, creen que este caso podr\u00eda sentar un precedente peligroso sobre la censura y la libertad de ense\u00f1anza en las aulas. Por lo que respaldaron al profesor acusado por padres del\u00a0<strong>Colegio Coraz\u00f3n de Mar\u00eda<\/strong>\u00a0tras incluir la novela &#8220;Cometierra&#8221; en su clase. Obra que\u00a0forma parte de un programa oficial de Literatura Latinoamericana y Argentina.<\/p>\n\n\n\n<p>Ante las\u00a0<strong>denuncias<\/strong>\u00a0que acusaban de &#8220;pornogr\u00e1fico&#8221; el contenido entregado por el docente, SADOP sentenci\u00f3 en un comunicado oficial: \u201cNo es pornograf\u00eda\u201d.<\/p>\n\n\n\n<p>Fuente: www.mdzol.com<\/p>\n","protected":false},"excerpt":{"rendered":"<p>Hace una semana, se desat\u00f3 la pol\u00e9mica en Mendoza\u00a0luego de que se dieran a conocer seis\u00a0denuncias\u00a0penales que hab\u00edan llegado al Ministerio P\u00fablico Fiscal en contra de un profesor, de iniciales J.V., que dando clases en un colegio privado de la provincia hab\u00eda entregado bibliograf\u00eda con contenido &#8220;pornogr\u00e1fico&#8221;. En los primero d\u00edas del mes de octubre\u00a0se [&hellip;]<\/p>\n","protected":false},"author":2,"featured_media":9692,"comment_status":"open","ping_status":"open","sticky":false,"template":"","format":"standard","meta":[],"categories":[48],"tags":[],"_links":{"self":[{"href":"https:\/\/pasaenmendoza.com\/index.php?rest_route=\/wp\/v2\/posts\/9691"}],"collection":[{"href":"https:\/\/pasaenmendoza.com\/index.php?rest_route=\/wp\/v2\/posts"}],"about":[{"href":"https:\/\/pasaenmendoza.com\/index.php?rest_route=\/wp\/v2\/types\/post"}],"author":[{"embeddable":true,"href":"https:\/\/pasaenmendoza.com\/index.php?rest_route=\/wp\/v2\/users\/2"}],"replies":[{"embeddable":true,"href":"https:\/\/pasaenmendoza.com\/index.php?rest_route=%2Fwp%2Fv2%2Fcomments&post=9691"}],"version-history":[{"count":1,"href":"https:\/\/pasaenmendoza.com\/index.php?rest_route=\/wp\/v2\/posts\/9691\/revisions"}],"predecessor-version":[{"id":9693,"href":"https:\/\/pasaenmendoza.com\/index.php?rest_route=\/wp\/v2\/posts\/9691\/revisions\/9693"}],"wp:featuredmedia":[{"embeddable":true,"href":"https:\/\/pasaenmendoza.com\/index.php?rest_route=\/wp\/v2\/media\/9692"}],"wp:attachment":[{"href":"https:\/\/pasaenmendoza.com\/index.php?rest_route=%2Fwp%2Fv2%2Fmedia&parent=9691"}],"wp:term":[{"taxonomy":"category","embeddable":true,"href":"https:\/\/pasaenmendoza.com\/index.php?rest_route=%2Fwp%2Fv2%2Fcategories&post=9691"},{"taxonomy":"post_tag","embeddable":true,"href":"https:\/\/pasaenmendoza.com\/index.php?rest_route=%2Fwp%2Fv2%2Ftags&post=9691"}],"curies":[{"name":"wp","href":"https:\/\/api.w.org\/{rel}","templated":true}]}}