{"id":9699,"date":"2024-10-22T22:51:13","date_gmt":"2024-10-22T20:51:13","guid":{"rendered":"https:\/\/pasaenmendoza.com\/?p=9699"},"modified":"2024-10-22T22:51:15","modified_gmt":"2024-10-22T20:51:15","slug":"un-choque-frontal-entre-dos-autos-dejo-4-heridos-en-valle-de-uco","status":"publish","type":"post","link":"https:\/\/pasaenmendoza.com\/?p=9699","title":{"rendered":"Un choque frontal entre dos autos dej\u00f3 4 heridos en Valle de Uco"},"content":{"rendered":"\n<p>Dos veh\u00edculos chocaron de frente, durante la tarde de este lunes, en la Ruta Nacional 143, a la altura de El Divisadero de las \u00c1guilas, en el Valle de Uco. Como resultado, ambos conductores y dos acompa\u00f1antes sufrieron lesiones.<\/p>\n\n\n\n<p>El primer veh\u00edculo, un Toyota Etios blanco, pertenec\u00eda a un uruguayo que viajaba con tres acompa\u00f1antes. El auto no contaba con la Revisi\u00f3n T\u00e9cnica Obligatoria (RTO), ya que est\u00e1 registrado en Uruguay.<\/p>\n\n\n\n<p>El segundo veh\u00edculo involucrado en el accidente fue una camioneta Ecosport azul, modelo 2020, conducida por un joven de San Rafael, quien viajaba solo en el momento del accidente y, al igual que el otro veh\u00edculo, su camioneta no contaba con la RTO.<\/p>\n\n\n\n<p>Seg\u00fan los primeros informes, el Toyota Etios circulaba de sur a norte, mientras que la camioneta Ecosport lo hac\u00eda en sentido contrario, de norte a sur. Por razones que a\u00fan est\u00e1n siendo investigadas, ambos veh\u00edculos colisionaron en un tramo de la ruta que carece de iluminaci\u00f3n artificial. El clima estaba despejado y la calzada se encontraba en buen estado.<\/p>\n\n\n\n<p>El impacto dej\u00f3 a los dos conductores y dos acompa\u00f1antes lesionados. Personal m\u00e9dico lleg\u00f3 al lugar en una ambulancia, donde se diagnostic\u00f3 lesiones leves en los tres hombres y una fractura de pelvis en una de las acompa\u00f1antes del Toyota Etios, quien fue trasladada de urgencia al hospital de San Rafael junto a los otros heridos.<\/p>\n\n\n\n<p><strong>Fuente: www.elsol.com.ar<\/strong><\/p>\n","protected":false},"excerpt":{"rendered":"<p>Dos veh\u00edculos chocaron de frente, durante la tarde de este lunes, en la Ruta Nacional 143, a la altura de El Divisadero de las \u00c1guilas, en el Valle de Uco. Como resultado, ambos conductores y dos acompa\u00f1antes sufrieron lesiones. El primer veh\u00edculo, un Toyota Etios blanco, pertenec\u00eda a un uruguayo que viajaba con tres acompa\u00f1antes. [&hellip;]<\/p>\n","protected":false},"author":2,"featured_media":9703,"comment_status":"open","ping_status":"open","sticky":false,"template":"","format":"standard","meta":[],"categories":[48],"tags":[],"_links":{"self":[{"href":"https:\/\/pasaenmendoza.com\/index.php?rest_route=\/wp\/v2\/posts\/9699"}],"collection":[{"href":"https:\/\/pasaenmendoza.com\/index.php?rest_route=\/wp\/v2\/posts"}],"about":[{"href":"https:\/\/pasaenmendoza.com\/index.php?rest_route=\/wp\/v2\/types\/post"}],"author":[{"embeddable":true,"href":"https:\/\/pasaenmendoza.com\/index.php?rest_route=\/wp\/v2\/users\/2"}],"replies":[{"embeddable":true,"href":"https:\/\/pasaenmendoza.com\/index.php?rest_route=%2Fwp%2Fv2%2Fcomments&post=9699"}],"version-history":[{"count":1,"href":"https:\/\/pasaenmendoza.com\/index.php?rest_route=\/wp\/v2\/posts\/9699\/revisions"}],"predecessor-version":[{"id":9705,"href":"https:\/\/pasaenmendoza.com\/index.php?rest_route=\/wp\/v2\/posts\/9699\/revisions\/9705"}],"wp:featuredmedia":[{"embeddable":true,"href":"https:\/\/pasaenmendoza.com\/index.php?rest_route=\/wp\/v2\/media\/9703"}],"wp:attachment":[{"href":"https:\/\/pasaenmendoza.com\/index.php?rest_route=%2Fwp%2Fv2%2Fmedia&parent=9699"}],"wp:term":[{"taxonomy":"category","embeddable":true,"href":"https:\/\/pasaenmendoza.com\/index.php?rest_route=%2Fwp%2Fv2%2Fcategories&post=9699"},{"taxonomy":"post_tag","embeddable":true,"href":"https:\/\/pasaenmendoza.com\/index.php?rest_route=%2Fwp%2Fv2%2Ftags&post=9699"}],"curies":[{"name":"wp","href":"https:\/\/api.w.org\/{rel}","templated":true}]}}