{"id":9702,"date":"2024-10-22T22:56:14","date_gmt":"2024-10-22T20:56:14","guid":{"rendered":"https:\/\/pasaenmendoza.com\/?p=9702"},"modified":"2024-10-22T22:56:15","modified_gmt":"2024-10-22T20:56:15","slug":"el-fenomeno-de-los-chicos-mendocinos-que-buscan-tener-familia-a-traves-del-registro-de-adopcion","status":"publish","type":"post","link":"https:\/\/pasaenmendoza.com\/?p=9702","title":{"rendered":"El fen\u00f3meno de los chicos mendocinos que buscan tener familia a trav\u00e9s del Registro de Adopci\u00f3n"},"content":{"rendered":"\n<p>La Justicia de Familia y el Registro Provincial de\u00a0<strong>Adopci\u00f3n\u00a0<\/strong>(RPA) pusieron en marcha un sistema comunicacional personalizado para que, finalmente, chicos que viven en hogares sostenidos por el Estado tengan familia, a trav\u00e9s de la adopci\u00f3n. As\u00ed, a trav\u00e9s de los medios de prensa y las redes sociales oficiales, la sociedad se entera de que un ni\u00f1o, que tiene 11 a\u00f1os, y es identificado como L, busca familia. Y esa\u00a0<strong>humanizaci\u00f3n del caso\u00a0<\/strong>ya permite conectar, desde lo emotivo, a esos menores y a potenciales adoptantes.<\/p>\n\n\n\n<p>Esta estrategia comunicacional ha dado buenos resultados, explic\u00f3\u00a0<strong>Ver\u00f3nica Guti\u00e9rrez, titular del RPA<\/strong>, organismo que depende del Poder Judicial.<\/p>\n\n\n\n<p>En las oficinas del\u00a0<strong>RPA, en Belgrano y Virgen del Carmen de Cuyo de Ciudad(ex Palacio Policial)<\/strong>, se presentan matrimonios con hijos o sin ellos, hombres y mujeres que viven solos y solas. Tienen, en su mayor\u00eda, entre 40 y 50 a\u00f1os y se han enterado por la difusi\u00f3n p\u00fablica de cada caso como, por ejemplo, el del chico L de 11 a\u00f1os y de que cursa la escuela a la ma\u00f1ana y que practica educaci\u00f3n f\u00edsica en doble turno.<\/p>\n\n\n\n<h2 class=\"wp-block-heading\">La adopci\u00f3n de chicos que viven en hogares p\u00fablicos o familias cuidadoras<\/h2>\n\n\n\n<p>Cada uno de los interesados ya forma parte de los registros de pretensos adoptantes y ya ha sido entrevistado por los profesionales del organismo, quienes elaboran un perfil de futuros padres.<\/p>\n\n\n\n<p>Ninguno de ellos ya estaba inscripto en el RPA ya que su acercamiento e inter\u00e9s en adoptar a esos chicos se debe a que esos chicos no estaban dentro del perfil de chicos adoptables pretendido por quienes ya figuraban en el RPA.<\/p>\n\n\n\n<p><strong>Las entrevistas son clave para determinar, en el RPA, si esas personas interesadas en adoptar cumplen con los requisitos<\/strong>&nbsp;necesarios para formar parte de la n\u00f3mina de pretensos adoptantes.<\/p>\n\n\n\n<p>El objetivo es aumentar el universo de posibles adoptantes para superar el l\u00edmite ideal: que muchos pretenden adoptar a beb\u00e9s reci\u00e9n nacidos y justamente L y otros chicos que buscan familia tienen caracter\u00edsticas muy distintas: son mayorcitos, toman clases, algunos tienen determinados cuadros cl\u00ednicos y psicol\u00f3gicos y muchos de ellos tienen hermanos. En s\u00edntesis, son parte de una gran cantidad de menores de edad que, por sus caracter\u00edsticas, no son los que generan mayor inter\u00e9s entre quienes quieren convertirse en padres adoptivos.<\/p>\n\n\n\n<h2 class=\"wp-block-heading\">Las caracter\u00edsticas son clave para acercarlos a futuras familias<\/h2>\n\n\n\n<p>La difusi\u00f3n permite a la sociedad que a esos chicos les encanta dar paseos los fines de semana y\/o que les lean cuentos; andar en bicicleta y otras actividades sociales y en solitario. Pero lo que descolla y los distingue es que por voluntad propia quieren vivir en familia.<\/p>\n\n\n\n<p>&#8220;Difundimos las caracter\u00edsticas y gustos personales de cada ni\u00f1o o ni\u00f1a para generar cercan\u00eda con la sociedad y que se comprenda c\u00f3mo son y poder empatizar&#8221;, explic\u00f3 Guti\u00e9rrez desde el RPA. &#8220;Sin embargo, en definitiva, quien llama es el ni\u00f1o o ni\u00f1a que busca una familia; desde el RPA somos intermediarios&#8221;.<\/p>\n\n\n\n<p><strong>Todos esos chicos est\u00e1n alojados en Hogares que dependen de la Direcci\u00f3n de la Ni\u00f1ez o viven con familias temporarias; ambas son consideradas formas alternativas de cuidado alternativo a las familias de origen.<\/strong><\/p>\n\n\n\n<p><strong>Fuente: www.diariouno.com.ar<\/strong><\/p>\n","protected":false},"excerpt":{"rendered":"<p>La Justicia de Familia y el Registro Provincial de\u00a0Adopci\u00f3n\u00a0(RPA) pusieron en marcha un sistema comunicacional personalizado para que, finalmente, chicos que viven en hogares sostenidos por el Estado tengan familia, a trav\u00e9s de la adopci\u00f3n. As\u00ed, a trav\u00e9s de los medios de prensa y las redes sociales oficiales, la sociedad se entera de que un [&hellip;]<\/p>\n","protected":false},"author":2,"featured_media":9704,"comment_status":"open","ping_status":"open","sticky":false,"template":"","format":"standard","meta":[],"categories":[50],"tags":[],"_links":{"self":[{"href":"https:\/\/pasaenmendoza.com\/index.php?rest_route=\/wp\/v2\/posts\/9702"}],"collection":[{"href":"https:\/\/pasaenmendoza.com\/index.php?rest_route=\/wp\/v2\/posts"}],"about":[{"href":"https:\/\/pasaenmendoza.com\/index.php?rest_route=\/wp\/v2\/types\/post"}],"author":[{"embeddable":true,"href":"https:\/\/pasaenmendoza.com\/index.php?rest_route=\/wp\/v2\/users\/2"}],"replies":[{"embeddable":true,"href":"https:\/\/pasaenmendoza.com\/index.php?rest_route=%2Fwp%2Fv2%2Fcomments&post=9702"}],"version-history":[{"count":1,"href":"https:\/\/pasaenmendoza.com\/index.php?rest_route=\/wp\/v2\/posts\/9702\/revisions"}],"predecessor-version":[{"id":9709,"href":"https:\/\/pasaenmendoza.com\/index.php?rest_route=\/wp\/v2\/posts\/9702\/revisions\/9709"}],"wp:featuredmedia":[{"embeddable":true,"href":"https:\/\/pasaenmendoza.com\/index.php?rest_route=\/wp\/v2\/media\/9704"}],"wp:attachment":[{"href":"https:\/\/pasaenmendoza.com\/index.php?rest_route=%2Fwp%2Fv2%2Fmedia&parent=9702"}],"wp:term":[{"taxonomy":"category","embeddable":true,"href":"https:\/\/pasaenmendoza.com\/index.php?rest_route=%2Fwp%2Fv2%2Fcategories&post=9702"},{"taxonomy":"post_tag","embeddable":true,"href":"https:\/\/pasaenmendoza.com\/index.php?rest_route=%2Fwp%2Fv2%2Ftags&post=9702"}],"curies":[{"name":"wp","href":"https:\/\/api.w.org\/{rel}","templated":true}]}}