{"id":9706,"date":"2024-10-22T22:54:39","date_gmt":"2024-10-22T20:54:39","guid":{"rendered":"https:\/\/pasaenmendoza.com\/?p=9706"},"modified":"2024-10-22T22:54:40","modified_gmt":"2024-10-22T20:54:40","slug":"delincuencia-juvenil-en-mendoza-persecucion-policial-y-choque-tras-el-asalto-a-un-uber","status":"publish","type":"post","link":"https:\/\/pasaenmendoza.com\/?p=9706","title":{"rendered":"Delincuencia juvenil en Mendoza: persecuci\u00f3n policial y choque tras el asalto a un Uber"},"content":{"rendered":"\n<p>Un conductor del servicio Uber fue v\u00edctima de un violento robo la madrugada de este lunes en la intersecci\u00f3n de las calles&nbsp;<strong>Esqui\u00fa y 17 de Octubre, en Las Heras<\/strong>, donde tres delincuentes lo amenazaron y lo forzaron a abandonar su veh\u00edculo, un Volkswagen Gol Trend negro. Los asaltantes se dieron a la fuga, lo que dio inicio a una intensa persecuci\u00f3n policial que culmin\u00f3 con la captura de tres menores luego de un choque.<\/p>\n\n\n\n<p>Todo comenz\u00f3 a la 1.45, cuando una movilidad recibi\u00f3 la alerta del robo del veh\u00edculo y comenz\u00f3 la b\u00fasqueda por la jurisdicci\u00f3n citada. Durante el operativo, los efectivos que se dirig\u00edan en el m\u00f3vil policial por calle Dorrego avistaron un auto con caracter\u00edsticas similares al sustra\u00eddo, que circulaba a alta velocidad por Lisandro Moyano.<\/p>\n\n\n\n<p>En ese momento comenz\u00f3 una persecuci\u00f3n. El conductor del Trend aceler\u00f3 y lleg\u00f3 hasta Bufano y otras calles, como Resistencia, M\u00e9xico y San Mart\u00edn.<\/p>\n\n\n\n<p>Tras una r\u00e1pida intervenci\u00f3n,&nbsp;<strong>el conductor del veh\u00edculo perdi\u00f3 el control y colision\u00f3 contra un \u00e1rbol frente al n\u00famero 3580 de la calle Lamadrid<\/strong>. Los tres ocupantes abandonaron el autom\u00f3vil y huyeron corriendo para evitar ser apresados.<\/p>\n\n\n\n<p>El personal policial, apoyado por varias unidades, logr\u00f3 interceptar a los tres sospechosos en un descampado cercano.&nbsp;<mark>Los aprehendidos fueron identificados y supieron que estaban frente a dos chicos de 15 a\u00f1os y uno de 17<\/mark>. La informaci\u00f3n policial y judicial sostiene que ten\u00edan domicilios en los barrios&nbsp;<strong>Independencia&nbsp;<\/strong>y&nbsp;<strong>Santa Rosa<\/strong>&nbsp;y en calle Paso del Portillo.<\/p>\n\n\n\n<p>Durante la requisa, en el interior del veh\u00edculo se encontraron varias pertenencias robadas, incluyendo un morral negro con documentos, dos celulares y una campera.<\/p>\n\n\n\n<p>Los aprehendidos fueron puestos a disposici\u00f3n de la<strong>&nbsp;Justicia Penal de Menores,&nbsp;<\/strong>mientras se localizaban a sus progenitores y se verificaban sus antecedentes. En el veh\u00edculo se constat\u00f3 un orificio de bala, lo que sugiere que los sujetos pueden haber estado involucrados en otros delitos.<\/p>\n\n\n\n<p>Es m\u00e1s, por este tema, los efectivos desarrollaron un rastrillaje en la zona con la intenci\u00f3n de encontrar un arma de fuego, pero no arroj\u00f3 los resultados esperados.<\/p>\n\n\n\n<p>Seg\u00fan el relato del conductor, d<strong>os mujeres fueron las que solicitaron el servicio inicialmente<\/strong>. Subieron y una de ellas le indic\u00f3 que cambiar\u00edan la ubicaci\u00f3n. En ese momento, dos hombres se acercaron al auto y, bajo amenazas con un arma de fuego, lo obligaron a descender.<\/p>\n\n\n\n<p>Los asaltantes se dieron a la fuga en direcci\u00f3n norte por la calle 17 de Octubre, llev\u00e1ndose&nbsp;<strong>el auto y un tel\u00e9fono celular Samsung A15<\/strong>, entre otros elementos de valor.<\/p>\n\n\n\n<p>La denuncia del robo fue r\u00e1pidamente registrada y el trabajador del volante aport\u00f3 todos\u00a0los detalles del hecho de inseguridad. La situaci\u00f3n gener\u00f3 una alerta inmediata entre las fuerzas policiales, que comenzaron la b\u00fasqueda del veh\u00edculo robado realizando un operativo cerrojo.<\/p>\n\n\n\n<p>La persecuci\u00f3n se intensific\u00f3 cuando, en su recorrido, el personal policial avist\u00f3 un auto que coincid\u00eda con la descripci\u00f3n del veh\u00edculo robado, circulando a alta velocidad por las calles de Las Heras. En un momento, conductor perdi\u00f3 el control y colision\u00f3 contra un \u00e1rbol, lo que gener\u00f3 el fin de la carrera delictiva.<\/p>\n\n\n\n<p><strong>Fuente: www.elsol.com.ar<\/strong><\/p>\n","protected":false},"excerpt":{"rendered":"<p>Un conductor del servicio Uber fue v\u00edctima de un violento robo la madrugada de este lunes en la intersecci\u00f3n de las calles&nbsp;Esqui\u00fa y 17 de Octubre, en Las Heras, donde tres delincuentes lo amenazaron y lo forzaron a abandonar su veh\u00edculo, un Volkswagen Gol Trend negro. Los asaltantes se dieron a la fuga, lo que [&hellip;]<\/p>\n","protected":false},"author":2,"featured_media":9707,"comment_status":"open","ping_status":"open","sticky":false,"template":"","format":"standard","meta":[],"categories":[48],"tags":[],"_links":{"self":[{"href":"https:\/\/pasaenmendoza.com\/index.php?rest_route=\/wp\/v2\/posts\/9706"}],"collection":[{"href":"https:\/\/pasaenmendoza.com\/index.php?rest_route=\/wp\/v2\/posts"}],"about":[{"href":"https:\/\/pasaenmendoza.com\/index.php?rest_route=\/wp\/v2\/types\/post"}],"author":[{"embeddable":true,"href":"https:\/\/pasaenmendoza.com\/index.php?rest_route=\/wp\/v2\/users\/2"}],"replies":[{"embeddable":true,"href":"https:\/\/pasaenmendoza.com\/index.php?rest_route=%2Fwp%2Fv2%2Fcomments&post=9706"}],"version-history":[{"count":1,"href":"https:\/\/pasaenmendoza.com\/index.php?rest_route=\/wp\/v2\/posts\/9706\/revisions"}],"predecessor-version":[{"id":9708,"href":"https:\/\/pasaenmendoza.com\/index.php?rest_route=\/wp\/v2\/posts\/9706\/revisions\/9708"}],"wp:featuredmedia":[{"embeddable":true,"href":"https:\/\/pasaenmendoza.com\/index.php?rest_route=\/wp\/v2\/media\/9707"}],"wp:attachment":[{"href":"https:\/\/pasaenmendoza.com\/index.php?rest_route=%2Fwp%2Fv2%2Fmedia&parent=9706"}],"wp:term":[{"taxonomy":"category","embeddable":true,"href":"https:\/\/pasaenmendoza.com\/index.php?rest_route=%2Fwp%2Fv2%2Fcategories&post=9706"},{"taxonomy":"post_tag","embeddable":true,"href":"https:\/\/pasaenmendoza.com\/index.php?rest_route=%2Fwp%2Fv2%2Ftags&post=9706"}],"curies":[{"name":"wp","href":"https:\/\/api.w.org\/{rel}","templated":true}]}}