{"id":9710,"date":"2024-10-22T22:58:33","date_gmt":"2024-10-22T20:58:33","guid":{"rendered":"https:\/\/pasaenmendoza.com\/?p=9710"},"modified":"2024-10-22T22:59:09","modified_gmt":"2024-10-22T20:59:09","slug":"anses-elimino-el-registro-de-abogados-y-gestores-para-tramites-de-jubilaciones","status":"publish","type":"post","link":"https:\/\/pasaenmendoza.com\/?p=9710","title":{"rendered":"ANSES elimin\u00f3 el registro de abogados y gestores para tr\u00e1mites de jubilaciones"},"content":{"rendered":"\n<p><strong>ANSES<\/strong>&nbsp;dio por finalizado el&nbsp;<strong>registro de abogados y gestores&nbsp;<\/strong>&#8220;ante la necesidad de eliminar barreras burocr\u00e1ticas y simplificar los tr\u00e1mites administrativos en el marco del proceso de desregulaci\u00f3n del Estado&#8221;.<\/p>\n\n\n\n<p>La&nbsp;<strong>Administraci\u00f3n Nacional de la Seguridad Social (ANSES)<\/strong>&nbsp;dispuso la derogaci\u00f3n de la Resoluci\u00f3n N\u00b0 479\/2014, que hab\u00eda establecido el Registro de Abogados y Gestores Administrativos habilitados para representar a los beneficiarios ante el organismo.<\/p>\n\n\n\n<p>La nueva medida&nbsp;<strong>qued\u00f3 formalizada&nbsp;<\/strong>a trav\u00e9s de la Resoluci\u00f3n 982\/2024 que se public\u00f3 este lunes en el Bolet\u00edn Oficial.<\/p>\n\n\n\n<p>El registro afectaba la libre elecci\u00f3n de los representantes legales de los beneficiarios,&nbsp;<strong>limitando innecesariamente la actividad profesional<\/strong>&nbsp;de quienes cumplen con los requisitos de la Ley N\u00b0 17.040.<\/p>\n\n\n\n<h2 class=\"wp-block-heading\">ANSES: familiares como representantes legales de jubilados<\/h2>\n\n\n\n<p>La nueva normativa permite a diversas personas, como&nbsp;<strong>abogados y familiares<\/strong>, representar a los ciudadanos ante ANSES sin la necesidad de inscribirse en un registro espec\u00edfico, en l\u00ednea con el objetivo de facilitar el acceso a las prestaciones.<\/p>\n\n\n\n<p>Detallaron que &#8220;la nueva<strong>&nbsp;resoluci\u00f3n de ANSES se alinea con el C\u00f3digo Civil y Comercial de la Naci\u00f3n<\/strong>, que regula los mandatos y representaciones entre privados&nbsp;<strong>sin exigir requisitos burocr\u00e1ticos adicionales&#8221;.<\/strong><\/p>\n\n\n\n<p><strong>Fuente: www.diariouno.com.ar<\/strong><\/p>\n","protected":false},"excerpt":{"rendered":"<p>ANSES&nbsp;dio por finalizado el&nbsp;registro de abogados y gestores&nbsp;&#8220;ante la necesidad de eliminar barreras burocr\u00e1ticas y simplificar los tr\u00e1mites administrativos en el marco del proceso de desregulaci\u00f3n del Estado&#8221;. La&nbsp;Administraci\u00f3n Nacional de la Seguridad Social (ANSES)&nbsp;dispuso la derogaci\u00f3n de la Resoluci\u00f3n N\u00b0 479\/2014, que hab\u00eda establecido el Registro de Abogados y Gestores Administrativos habilitados para representar [&hellip;]<\/p>\n","protected":false},"author":2,"featured_media":9712,"comment_status":"open","ping_status":"open","sticky":false,"template":"","format":"standard","meta":[],"categories":[57],"tags":[],"_links":{"self":[{"href":"https:\/\/pasaenmendoza.com\/index.php?rest_route=\/wp\/v2\/posts\/9710"}],"collection":[{"href":"https:\/\/pasaenmendoza.com\/index.php?rest_route=\/wp\/v2\/posts"}],"about":[{"href":"https:\/\/pasaenmendoza.com\/index.php?rest_route=\/wp\/v2\/types\/post"}],"author":[{"embeddable":true,"href":"https:\/\/pasaenmendoza.com\/index.php?rest_route=\/wp\/v2\/users\/2"}],"replies":[{"embeddable":true,"href":"https:\/\/pasaenmendoza.com\/index.php?rest_route=%2Fwp%2Fv2%2Fcomments&post=9710"}],"version-history":[{"count":2,"href":"https:\/\/pasaenmendoza.com\/index.php?rest_route=\/wp\/v2\/posts\/9710\/revisions"}],"predecessor-version":[{"id":9713,"href":"https:\/\/pasaenmendoza.com\/index.php?rest_route=\/wp\/v2\/posts\/9710\/revisions\/9713"}],"wp:featuredmedia":[{"embeddable":true,"href":"https:\/\/pasaenmendoza.com\/index.php?rest_route=\/wp\/v2\/media\/9712"}],"wp:attachment":[{"href":"https:\/\/pasaenmendoza.com\/index.php?rest_route=%2Fwp%2Fv2%2Fmedia&parent=9710"}],"wp:term":[{"taxonomy":"category","embeddable":true,"href":"https:\/\/pasaenmendoza.com\/index.php?rest_route=%2Fwp%2Fv2%2Fcategories&post=9710"},{"taxonomy":"post_tag","embeddable":true,"href":"https:\/\/pasaenmendoza.com\/index.php?rest_route=%2Fwp%2Fv2%2Ftags&post=9710"}],"curies":[{"name":"wp","href":"https:\/\/api.w.org\/{rel}","templated":true}]}}