{"id":9724,"date":"2024-10-23T23:27:18","date_gmt":"2024-10-23T21:27:18","guid":{"rendered":"https:\/\/pasaenmendoza.com\/?p=9724"},"modified":"2024-10-23T23:27:19","modified_gmt":"2024-10-23T21:27:19","slug":"diputados-aprobo-el-cambio-que-amplia-a-10-anos-la-vigencia-de-las-licencias-de-conducir-en-mendoza","status":"publish","type":"post","link":"https:\/\/pasaenmendoza.com\/?p=9724","title":{"rendered":"Diputados aprob\u00f3 el cambio que ampl\u00eda a 10 a\u00f1os la vigencia de las licencias de conducir en Mendoza"},"content":{"rendered":"\n<p>La\u00a0<strong>C\u00e1mara de Diputados<\/strong>\u00a0dio media sanci\u00f3n este mi\u00e9rcoles a la\u00a0<strong>modificaci\u00f3n de la Ley de Tr\u00e1nsito<\/strong>, para extender la vigencia de las\u00a0<strong>licencias de conducir<\/strong>\u00a0de 5 a 10 a\u00f1os para conductores no profesionales. La iniciativa la present\u00f3 Gustavo Cairo (LLA) y fue aprobada por el voto de todos los legisladores.<\/p>\n\n\n\n<p>Adem\u00e1s, los carnets de las personas de&nbsp;<strong>66 a 75 a\u00f1os tendr\u00e1n una vigencia de 5 a\u00f1os, y a partir de los 76 el plazo ser\u00e1 de 3 a\u00f1os.<\/strong><\/p>\n\n\n\n<p>La&nbsp;<strong>excepci\u00f3n<\/strong>&nbsp;a esta medida ser\u00e1 para los condenados por delitos vinculados a la&nbsp;<strong>conducci\u00f3n antirreglamentaria&nbsp;<\/strong>y para reiterantes de la infracci\u00f3n de&nbsp;<strong>conducci\u00f3n bajo los efectos del alcohol<\/strong>. En estos casos el plazo ser\u00e1 de 5 a\u00f1os.<\/p>\n\n\n\n<p>El diputado Cairo coment\u00f3 al respecto que adem\u00e1s \u201c<strong>para los adultos mayores la renovaci\u00f3n no va a exigir<\/strong>\u00a0<strong>un nuevo examen<\/strong>, como pasa actualmente, de manejo y otro te\u00f3rico, sino que se va a basar en los temas m\u00e9dicos\u201d.<\/p>\n\n\n\n<p>&#8220;Era algo bastante&nbsp;<strong>discriminatorio<\/strong>&nbsp;y&nbsp;<strong>engorroso<\/strong>&nbsp;para los adultos mayores, porque en definitiva son quienes protagonizan la menor cantidad de accidentes graves, puesto que en general conducen con mayor prudencia. Adem\u00e1s para los adultos mayores, la<strong>&nbsp;tarifa va a ser del 50% de la tarifa habitual<\/strong>, con lo cual, en general, me parece un avance, esto recoge las mejores experiencias internacionales respecto de los plazos de vigencia de conducir\u201d, continu\u00f3.<\/p>\n\n\n\n<h2 class=\"wp-block-heading\">Los nuevos requisitos para la renovaci\u00f3n<\/h2>\n\n\n\n<p>Esta normativa, que ahora pasar\u00e1 a manos del Senado, dispone asimismo cambios en los requisitos para la renovaci\u00f3n por vencimiento de la licencia de conducir:<\/p>\n\n\n\n<ul>\n<li>Que no haya transcurrido&nbsp;<strong>m\u00e1s de un (1) a\u00f1o desde su vencimiento<\/strong>. Si transcurri\u00f3 dicho plazo, se considera como tramitaci\u00f3n de licencia nueva.<\/li>\n\n\n\n<li>El&nbsp;<strong>arancel de renovaci\u00f3n ser\u00e1 del 50% para los mayores de 65 a\u00f1os.<\/strong><\/li>\n\n\n\n<li>Presentar&nbsp;<strong>certificado de libre deuda<\/strong>&nbsp;de infracciones de tr\u00e1nsito.<\/li>\n\n\n\n<li>Declarar bajo juramento que&nbsp;<strong>no se padecen o hayan padecido afecciones<\/strong>&nbsp;cardiol\u00f3gicas, neurol\u00f3gicas, psicopatol\u00f3gicas o sensoriales<strong>&nbsp;que afecten la aptitud para conducir.<\/strong><\/li>\n\n\n\n<li><strong>&nbsp;Aprobar un examen m\u00e9dico psicof\u00edsico<\/strong>, en el que se determine su aptitud f\u00edsica, visual, auditiva y ps\u00edquica para conducir.<\/li>\n\n\n\n<li>No se exigir\u00e1 una&nbsp;<strong>nueva prueba de manejo<\/strong>&nbsp;a los conductores que renueven su licencia para el caso de los mayores de 65 a\u00f1os, salvo expresa indicaci\u00f3n m\u00e9dica o, para todos los casos, que haya transcurrido m\u00e1s de un a\u00f1o del vencimiento de su licencia.<\/li>\n\n\n\n<li>El personal de la Polic\u00eda de Mendoza y del Servicio Penitenciario Provincial que cumplan funciones de chofer o motorista estar\u00e1 exento de los costos de las renovaciones.<\/li>\n<\/ul>\n\n\n\n<h2 class=\"wp-block-heading\">Cambios en los organismos<\/h2>\n\n\n\n<p>Por otra parte, la iniciativa busca&nbsp;<strong>modificar la Ley de Ministerios<\/strong>&nbsp;en sus art\u00edculos 11 y 12. El proyecto de ley busca que la&nbsp;<strong>Unidad Ejecutiva de Seguridad Vial<\/strong>, actualmente a cargo del Ministerio de Gobierno, pase a manos de la<strong>&nbsp;cartera de Seguridad y Justicia.<\/strong><\/p>\n\n\n\n<p>\u201cEste cambio tiene como finalidad&nbsp;<strong>reducir la multiplicidad de autoridades<\/strong>, lo que actualmente diluye las responsabilidades en el control del tr\u00e1nsito y genera un mayor esfuerzo para la coordinaci\u00f3n interjurisdiccional entre los diferentes actores del sistema de seguridad vial\u201d, se\u00f1ala la fundamentaci\u00f3n.<\/p>\n\n\n\n<h2 class=\"wp-block-heading\">La Naci\u00f3n anunci\u00f3 que la licencia de conducir se renovar\u00e1 de manera virtual sin necesidad de ex\u00e1menes<\/h2>\n\n\n\n<p>El ministro de Desregulaci\u00f3n y Transformaci\u00f3n del Estado,<strong>\u00a0Federico Sturzenegger<\/strong>, anunci\u00f3 que dejar\u00e1 de ser necesario renovar de manera presencial la\u00a0<strong>licencia de conducir<\/strong>, por lo que podr\u00e1 tramitarse de\u00a0<strong>manera virtual<\/strong>\u00a0y ya no ser\u00e1n necesario los engorrosos tr\u00e1mites en las comunas.<\/p>\n\n\n\n<p>El Gobierno se encuentra preparando una serie de\u00a0<strong>cambios para el c\u00f3digo de tr\u00e1nsito<\/strong>, entre los cuales destac\u00f3 la novedad en la renovaci\u00f3n de la\u00a0<strong>licencia de conducir<\/strong>.<\/p>\n\n\n\n<p>Adem\u00e1s, el ex presidente del Banco Central advirti\u00f3, con respecto a las provincias, que &#8220;<strong>tendr\u00e1n que adherirse<\/strong>&nbsp;porque son tr\u00e1mites vecinales&#8221;.<\/p>\n\n\n\n<p>&#8220;Muchas veces los&nbsp;<strong>municipios&nbsp;<\/strong>usan esto como mecanismo de recaudaci\u00f3n. En la ley vamos a cambiar el sistema para que sea m\u00e1s f\u00e1cil, si las provincias lo aceptan&#8221;, consider\u00f3.<\/p>\n\n\n\n<p>Sin embargo, explic\u00f3 que &#8220;<strong>en el caso de los 60 o 65 a\u00f1os se pedir\u00e1 que contin\u00faen con la presencialidad\u00a0<\/strong>porque el examen debe hacerse cada vez m\u00e1s frecuente&#8221;.<\/p>\n\n\n\n<p><strong>Fuente: www.diariouno.com.ar<\/strong><\/p>\n\n\n\n<p><a rel=\"noreferrer noopener\" href=\"https:\/\/www.facebook.com\/dialog\/feed?app_id=161316767303985&amp;link=https%3A%2F%2Fwww.diariouno.com.ar%2Fpolitica%2Fdiputados-aprobo-el-cambio-que-amplia-10-anos-la-vigencia-las-licencias-conducir-mendoza-n1366020&amp;name=Diputados+aprob%C3%B3+el+cambio+que+ampl%C3%ADa+a+10+a%C3%B1os+la+vigencia+de+las+licencias+de+conducir+en+Mendoza&amp;caption=Licencias+de+conducir&amp;description=La+iniciativa+tambi%C3%A9n+pretende+quitar+el+examen+pr%C3%A1ctico+a+adultos+mayores+a+la+hora+de+la+renovaci%C3%B3n.+El+gobierno+nacional+tambi%C3%A9n+introdujo+cambios&amp;redirect_uri=https%3A%2F%2Fwww.diariouno.com.ar%2Fpolitica%2Fdiputados-aprobo-el-cambio-que-amplia-10-anos-la-vigencia-las-licencias-conducir-mendoza-n1366020\" target=\"_blank\"><\/a><\/p>\n","protected":false},"excerpt":{"rendered":"<p>La\u00a0C\u00e1mara de Diputados\u00a0dio media sanci\u00f3n este mi\u00e9rcoles a la\u00a0modificaci\u00f3n de la Ley de Tr\u00e1nsito, para extender la vigencia de las\u00a0licencias de conducir\u00a0de 5 a 10 a\u00f1os para conductores no profesionales. La iniciativa la present\u00f3 Gustavo Cairo (LLA) y fue aprobada por el voto de todos los legisladores. Adem\u00e1s, los carnets de las personas de&nbsp;66 a [&hellip;]<\/p>\n","protected":false},"author":2,"featured_media":9725,"comment_status":"open","ping_status":"open","sticky":false,"template":"","format":"standard","meta":[],"categories":[50],"tags":[],"_links":{"self":[{"href":"https:\/\/pasaenmendoza.com\/index.php?rest_route=\/wp\/v2\/posts\/9724"}],"collection":[{"href":"https:\/\/pasaenmendoza.com\/index.php?rest_route=\/wp\/v2\/posts"}],"about":[{"href":"https:\/\/pasaenmendoza.com\/index.php?rest_route=\/wp\/v2\/types\/post"}],"author":[{"embeddable":true,"href":"https:\/\/pasaenmendoza.com\/index.php?rest_route=\/wp\/v2\/users\/2"}],"replies":[{"embeddable":true,"href":"https:\/\/pasaenmendoza.com\/index.php?rest_route=%2Fwp%2Fv2%2Fcomments&post=9724"}],"version-history":[{"count":1,"href":"https:\/\/pasaenmendoza.com\/index.php?rest_route=\/wp\/v2\/posts\/9724\/revisions"}],"predecessor-version":[{"id":9726,"href":"https:\/\/pasaenmendoza.com\/index.php?rest_route=\/wp\/v2\/posts\/9724\/revisions\/9726"}],"wp:featuredmedia":[{"embeddable":true,"href":"https:\/\/pasaenmendoza.com\/index.php?rest_route=\/wp\/v2\/media\/9725"}],"wp:attachment":[{"href":"https:\/\/pasaenmendoza.com\/index.php?rest_route=%2Fwp%2Fv2%2Fmedia&parent=9724"}],"wp:term":[{"taxonomy":"category","embeddable":true,"href":"https:\/\/pasaenmendoza.com\/index.php?rest_route=%2Fwp%2Fv2%2Fcategories&post=9724"},{"taxonomy":"post_tag","embeddable":true,"href":"https:\/\/pasaenmendoza.com\/index.php?rest_route=%2Fwp%2Fv2%2Ftags&post=9724"}],"curies":[{"name":"wp","href":"https:\/\/api.w.org\/{rel}","templated":true}]}}