{"id":9730,"date":"2024-10-23T23:50:48","date_gmt":"2024-10-23T21:50:48","guid":{"rendered":"https:\/\/pasaenmendoza.com\/?p=9730"},"modified":"2024-10-23T23:50:49","modified_gmt":"2024-10-23T21:50:49","slug":"afip-mendoza-aplico-un-ajuste-equivalente-a-27-sueldos-jerarquicos-y-hay-30-empleados-en-la-mira","status":"publish","type":"post","link":"https:\/\/pasaenmendoza.com\/?p=9730","title":{"rendered":"AFIP Mendoza aplic\u00f3 un ajuste equivalente a 27 sueldos jer\u00e1rquicos y hay 30 empleados en la mira"},"content":{"rendered":"\n<p>El d\u00eda despu\u00e9s de la bomba que deton\u00f3 con la extinci\u00f3n de la Agencia Federal de Ingresos P\u00fablicos (<strong>AFIP<\/strong>), en\u00a0<strong>Mendoza\u00a0<\/strong>reinaba la incertidumbre. En ese contexto, algunos n\u00fameros ilustran el alcance del\u00a0<strong>ajuste<\/strong>\u00a0que pretende el gobierno nacional entre recorte de\u00a0<strong>sueldos<\/strong>\u00a0y\u00a0<strong>despidos<\/strong>\u00a0antes de su conversi\u00f3n en la Agencia de Recaudaci\u00f3n y Control Aduanero (ARCA).<\/p>\n\n\n\n<p>Actualmente, en las tres agencias dentro de la \u00f3rbita de la\u00a0<strong>Regional Mendoza de AFIP trabajan casi 390 agentes<\/strong>. Aunque en su mayor\u00eda se desempe\u00f1an en la sede c\u00e9ntrica de San Mart\u00edn y Garibaldi, 32 est\u00e1n asignados a la agencia que tiene jurisdicci\u00f3n sobre Alvear y San Rafael, y otros 11 en zona Este.<\/p>\n\n\n\n<p>\u00bfCu\u00e1ntos de ellos ganan los&nbsp;<strong>$14 millones<\/strong>&nbsp;que, como se\u00f1alan desde el gobierno de Milei, es el salario de un director del organismo?<\/p>\n\n\n\n<p>&#8220;Aunque\u00a0<strong>es el organismo m\u00e1s profesionalizado y t\u00e9cnico<\/strong>\u00a0del Estado actualmente,\u00a0<strong>no<\/strong>\u00a0<strong>existen esos sueldos ac\u00e1<\/strong>, ni siquiera con antig\u00fcedad ni el fondo o cuenta de jerarquizaci\u00f3n. Eso es lo que cobran los directores nacionales de Aduanas, AFIP y DGI&#8221;, se\u00f1al\u00f3 una fuente de la\u00a0<strong>regional Mendoza de AFIP, en medio de acciones del gremio y un clima caldeado<\/strong>.<\/p>\n\n\n\n<p>Claro que la\u00a0<strong>cuenta especial<\/strong>, ese &#8220;plus&#8221; o \u00edtem m\u00f3vil en funci\u00f3n de la recaudaci\u00f3n, tiene un peso importante. As\u00ed es que los haberes de los directivos\u00a0<strong>arrancan de un b\u00e1sico de $1,5 mill\u00f3n pero llegan a rozar los $5 millones<\/strong>\u00a0mensuales, con lo cual la cercan\u00eda de la motosierra preocupa. Y bastante.<\/p>\n\n\n\n<h2 class=\"wp-block-heading\">Treinta contratos en un a\u00f1o<\/h2>\n\n\n\n<p>El otro factor en la mira de la herramienta favorita de Milei es el&nbsp;<strong>crecimiento de la planta personal&nbsp;<\/strong>en la \u00faltima etapa del gobierno de Alberto Fern\u00e1ndez. Son buena parte de los 1.100 puestos a los que se pretende eliminar, y que tal vez motiv\u00f3 que el edificio amaneciera sembrado de carteles con leyendas como &#8220;Afip QEPD&#8221; o &#8220;1.100 menos&#8221;, acompa\u00f1ados por&nbsp;<strong>velas&nbsp;<\/strong>que muchos contribuyentes aprovecharon para \u00bfhacer catarsis tributaria?<\/p>\n\n\n\n<p><strong>Primer dato sobre la relevancia del eventual ajuste: s\u00f3lo durante 2023 a la Regional Cuyo ingresaron 30 empleados, mayor\u00eda de j\u00f3venes profesionales (contadores, sobre todo).<\/strong><\/p>\n\n\n\n<p>Un&nbsp;<strong>70% son parte del plantel de AFIP Mendoza<\/strong>. De acuerdo a algunas estimaciones extraoficiales,&nbsp;<strong>ganan entre $700.000 y $1,2 mill\u00f3n<\/strong>&nbsp;por mes.<\/p>\n\n\n\n<p>Esto arroja un &#8220;ahorro&#8221; probable, si la motosierra avanza sobre ellos, que&nbsp;<strong>en principio no llegar\u00eda a los $20.000.000<\/strong>&nbsp;mensuales. Algo as\u00ed como 5 salarios de funcionarios de mayor jerarqu\u00eda.<\/p>\n\n\n\n<p>El resultado probable no cuenta la baja vegetativa que, como otras \u00e1reas del Estado (incluso en la provincia de Mendoza) viene us\u00e1ndose como variable de ajuste. Es decir,\u00a0<strong>puestos vacantes por retiro o jubilaci\u00f3n que no se cubren<\/strong>\u00a0o reemplazan.<\/p>\n\n\n\n<h2 class=\"wp-block-heading\">Un recorte de $120 millones<\/h2>\n\n\n\n<p>Sin embargo, mucho antes de que conocerse la&nbsp;<strong>disoluci\u00f3n de la AFIP<\/strong>&nbsp;tal como la conocermos, el director de la Regional Mendoza,<strong>&nbsp;Francisco Bustelo<\/strong>, ya hab\u00eda avanzado con un plan de ajuste, como anticip\u00e1ndose a lo que se ven\u00eda.<\/p>\n\n\n\n<p>La decisi\u00f3n de Bustelo fue&nbsp;<strong>achicar gastos operativos con la fusi\u00f3n de 2 agencias<\/strong>&nbsp;que operaban en Gran Mendoza. Para eso, rescindi\u00f3 contrato de alquiler con GENCO, propietaria del local de Mor\u00f3n y San Mart\u00edn de Ciudad, que alguna vez fue su concesionaria de marcas de lujo como BMW y que en los \u00faltimos a\u00f1os ocup\u00f3 la Agencia 2 del organismo recaudador.<\/p>\n\n\n\n<p>Seg\u00fan el c\u00e1lculo del \u00e1rea contable de AFIP, con el traslado de 38 empleados que se reubicaron en las oficinas de la sede central (con sus PCs inclu\u00eddas),&nbsp;<strong>se ahorr\u00f3 unos $120.000.000.<\/strong>&nbsp;Esto, en concepto de<strong>&nbsp;alquiler<\/strong>&nbsp;(el \u00edtem m\u00e1s &#8220;pesado&#8221;),<strong>&nbsp;servicios<\/strong>&nbsp;(luz, gas, agua) y, vaya paradoja,&nbsp;<strong>tambi\u00e9n impuestos<\/strong>&nbsp;municipales.<\/p>\n\n\n\n<p>Por eso, si bien los n\u00fameros de recaudaci\u00f3n se mantienen en reserva, para quienes conocen del manejo operativo y presupuesto que requiere el ente tributario &#8220;<strong>en Mendoza no hay mucho m\u00e1s ajuste por hacer<\/strong>. Hay que apuntar a las \u00e1reas centrales, sobre todo CABA&#8221;.<\/p>\n\n\n\n<p><strong>Fuente: www.diariouno.com.ar<\/strong><\/p>\n","protected":false},"excerpt":{"rendered":"<p>El d\u00eda despu\u00e9s de la bomba que deton\u00f3 con la extinci\u00f3n de la Agencia Federal de Ingresos P\u00fablicos (AFIP), en\u00a0Mendoza\u00a0reinaba la incertidumbre. En ese contexto, algunos n\u00fameros ilustran el alcance del\u00a0ajuste\u00a0que pretende el gobierno nacional entre recorte de\u00a0sueldos\u00a0y\u00a0despidos\u00a0antes de su conversi\u00f3n en la Agencia de Recaudaci\u00f3n y Control Aduanero (ARCA). Actualmente, en las tres agencias [&hellip;]<\/p>\n","protected":false},"author":2,"featured_media":9731,"comment_status":"open","ping_status":"open","sticky":false,"template":"","format":"standard","meta":[],"categories":[93],"tags":[],"_links":{"self":[{"href":"https:\/\/pasaenmendoza.com\/index.php?rest_route=\/wp\/v2\/posts\/9730"}],"collection":[{"href":"https:\/\/pasaenmendoza.com\/index.php?rest_route=\/wp\/v2\/posts"}],"about":[{"href":"https:\/\/pasaenmendoza.com\/index.php?rest_route=\/wp\/v2\/types\/post"}],"author":[{"embeddable":true,"href":"https:\/\/pasaenmendoza.com\/index.php?rest_route=\/wp\/v2\/users\/2"}],"replies":[{"embeddable":true,"href":"https:\/\/pasaenmendoza.com\/index.php?rest_route=%2Fwp%2Fv2%2Fcomments&post=9730"}],"version-history":[{"count":1,"href":"https:\/\/pasaenmendoza.com\/index.php?rest_route=\/wp\/v2\/posts\/9730\/revisions"}],"predecessor-version":[{"id":9732,"href":"https:\/\/pasaenmendoza.com\/index.php?rest_route=\/wp\/v2\/posts\/9730\/revisions\/9732"}],"wp:featuredmedia":[{"embeddable":true,"href":"https:\/\/pasaenmendoza.com\/index.php?rest_route=\/wp\/v2\/media\/9731"}],"wp:attachment":[{"href":"https:\/\/pasaenmendoza.com\/index.php?rest_route=%2Fwp%2Fv2%2Fmedia&parent=9730"}],"wp:term":[{"taxonomy":"category","embeddable":true,"href":"https:\/\/pasaenmendoza.com\/index.php?rest_route=%2Fwp%2Fv2%2Fcategories&post=9730"},{"taxonomy":"post_tag","embeddable":true,"href":"https:\/\/pasaenmendoza.com\/index.php?rest_route=%2Fwp%2Fv2%2Ftags&post=9730"}],"curies":[{"name":"wp","href":"https:\/\/api.w.org\/{rel}","templated":true}]}}