{"id":9733,"date":"2024-10-23T23:54:33","date_gmt":"2024-10-23T21:54:33","guid":{"rendered":"https:\/\/pasaenmendoza.com\/?p=9733"},"modified":"2024-10-23T23:54:35","modified_gmt":"2024-10-23T21:54:35","slug":"renuncio-un-abogado-de-la-mujer-que-denuncio-a-los-rugbiers-franceses","status":"publish","type":"post","link":"https:\/\/pasaenmendoza.com\/?p=9733","title":{"rendered":"Renunci\u00f3 un abogado de la mujer que denunci\u00f3 a los rugbiers franceses"},"content":{"rendered":"\n<p>El caso de los<strong>&nbsp;rugbiers franceses<\/strong>&nbsp;acusados por un caso de abuso sexual atraviesa momentos de definici\u00f3n en el<strong>&nbsp;Polo Judicial Penal<\/strong>, a la espera de que el pr\u00f3ximo 1 de noviembre la&nbsp;<strong>jueza Eleonora Arenas<\/strong>&nbsp;resuelva el pedido de sobreseimiento de los defensores de&nbsp;<strong>Hugo Araudou y Oscar J\u00e9gou<\/strong>. En ese contexto, uno de los abogados de la denunciante present\u00f3 este mi\u00e9rcoles su renuncia a la querella.<\/p>\n\n\n\n<p>Se trata del penalista<strong>\u00a0Mauricio Cardello<\/strong>, quien formaba la dupla de representantes legales de la mujer, de 39 a\u00f1os, que acus\u00f3 a los jugadores de la selecci\u00f3n francesa de rugby de haberla vejado en la habitaci\u00f3n de un hotel cinco estrellas de Ciudad.<\/p>\n\n\n\n<p>De esa forma, en la querella qued\u00f3 en soledad la civilista\u00a0<strong>Natacha Romano<\/strong>, quien asesor\u00f3 a la denunciante desde el comienzo de la investigaci\u00f3n.<\/p>\n\n\n\n<p>As\u00ed las cosas, la causa contra los deportistas de elite galos parece atravesar sus pr\u00f3ximos d\u00edas y todo indica que el primer d\u00eda de noviembre, en una audiencia que se celebrar\u00e1 al mediod\u00eda, la mencionada magistrada del<strong>\u00a0Juzgado Penal Colegiado N\u00ba 1<\/strong>\u00a0sobreseer\u00e1 a Araudou y Jegou, quienes presenciar\u00e1n el dictamen mediante videoconferencia desde su tierra natal.<\/p>\n\n\n\n<h2 class=\"wp-block-heading\" id=\"h-el-caso\">El caso<\/h2>\n\n\n\n<p>La investigaci\u00f3n contra&nbsp;<strong>Jegou y Auradou<\/strong>&nbsp;tuvo su inicio la tarde del domingo 7 de julio, a partir de los hechos que relat\u00f3 la denunciante ante las autoridades judiciales.<\/p>\n\n\n\n<p>De acuerdo con la versi\u00f3n de la mujer, todo comenz\u00f3 durante la madrugada de ese d\u00eda, cuando tuvo\u00a0<strong>un primer encuentro con uno de los deportistas<\/strong>\u00a0en un conocido boliche de\u00a0<strong>Carrodilla, Luj\u00e1n de Cuyo<\/strong>.<\/p>\n\n\n\n<p>En su relato, afirm\u00f3 que lleg\u00f3 hasta el local bailable con un grupo de amigas y all\u00ed conoci\u00f3 a\u00a0<strong>Jegou<\/strong>, con quien se dirigi\u00f3 a bordo de un\u00a0<strong>Cabify\u00a0<\/strong>hasta un exclusivo hotel de\u00a0<strong>avenida Belgrano<\/strong>, en\u00a0<strong>Ciudad<\/strong>, donde se alojaba la delegaci\u00f3n francesa. El equipo se encontraba en la provincia por el amistoso en el que vencieron a\u00a0<strong>Los Pumas<\/strong>\u00a0en el\u00a0<strong>estadio Malvinas Argentinas<\/strong>.<\/p>\n\n\n\n<p>La mujer segur\u00f3<strong>&nbsp;que fue sometida sexualmente y golpeada<\/strong>&nbsp;en la habitaci\u00f3n&nbsp;por el tercera l\u00ednea de&nbsp;<em>Les Blues&nbsp;<\/em>y luego por su compa\u00f1ero de cuarto,&nbsp;<strong>Auradou<\/strong>.<\/p>\n\n\n\n<p>El relato motiv\u00f3 que el fiscal<strong>\u00a0Nora\u00a0<\/strong>solicitara la<strong>\u00a0inmediata captura de los rugbiers<\/strong>, la cual se concret\u00f3 durante el lunes 8 en un hotel de la\u00a0<strong>Ciudad de Buenos Aires,<\/strong>\u00a0donde los franceses hicieron escala antes de dirigirse a\u00a0<strong>Uruguay\u00a0<\/strong>para disputar otro partido.<\/p>\n\n\n\n<p>El jueves 11, los deportistas fueron trasladados por una comisi\u00f3n policial a Mendoza e ingresaron a una celda de la&nbsp;<strong>Estaci\u00f3n Transitoria de Detenidos y Aprehendidos&nbsp;<\/strong>(<strong>Estrada<\/strong>). Al d\u00eda siguiente, los imputaron&nbsp;<strong>por abuso sexual con acceso carnal agravado por la participaci\u00f3n de dos personas<\/strong>, delito que prev\u00e9 penas que van de los ocho a los 20 a\u00f1os de prisi\u00f3n.<\/p>\n\n\n\n<p>Luego de seis d\u00edas de encierro, el MPF concedi\u00f3 a los dos acusados la\u00a0<strong>detenci\u00f3n domiciliaria.<\/strong>\u00a0No obstante, durante los \u00faltimos avances en la investigaci\u00f3n, las pruebas incorporadas al expediente fueron debilitando la versi\u00f3n de la denunciante.<\/p>\n\n\n\n<p>Adem\u00e1s, los propios acusados declararon y sostuvieron que hubo consentimiento mutuo en relaciones \u00edntimas que mantuvieron con la mendocina. Por ese motivo, la defensa solicit\u00f3 la liberaci\u00f3n de ambos jugadores, argumentando que\u00a0la evidencia no es suficiente para justificar la prisi\u00f3n preventiva.<\/p>\n\n\n\n<p>A eso se le sumaron otros peritajes que pusieron en duda la versi\u00f3n de la denunciante, situaci\u00f3n que provoc\u00f3 que la parte acusadora solicitara de manera inmediata el\u00a0<strong>sobreseimiento<\/strong>\u00a0de los dos rugbiers, pedido que podr\u00eda definirse el 1 de noviembre a las 12 en el\u00a0<strong>Polo Judicial Penal<\/strong>.<\/p>\n\n\n\n<p><strong>Fuente: www.elsol.com.ar<\/strong><\/p>\n","protected":false},"excerpt":{"rendered":"<p>El caso de los&nbsp;rugbiers franceses&nbsp;acusados por un caso de abuso sexual atraviesa momentos de definici\u00f3n en el&nbsp;Polo Judicial Penal, a la espera de que el pr\u00f3ximo 1 de noviembre la&nbsp;jueza Eleonora Arenas&nbsp;resuelva el pedido de sobreseimiento de los defensores de&nbsp;Hugo Araudou y Oscar J\u00e9gou. En ese contexto, uno de los abogados de la denunciante present\u00f3 [&hellip;]<\/p>\n","protected":false},"author":2,"featured_media":9736,"comment_status":"open","ping_status":"open","sticky":false,"template":"","format":"standard","meta":[],"categories":[48],"tags":[],"_links":{"self":[{"href":"https:\/\/pasaenmendoza.com\/index.php?rest_route=\/wp\/v2\/posts\/9733"}],"collection":[{"href":"https:\/\/pasaenmendoza.com\/index.php?rest_route=\/wp\/v2\/posts"}],"about":[{"href":"https:\/\/pasaenmendoza.com\/index.php?rest_route=\/wp\/v2\/types\/post"}],"author":[{"embeddable":true,"href":"https:\/\/pasaenmendoza.com\/index.php?rest_route=\/wp\/v2\/users\/2"}],"replies":[{"embeddable":true,"href":"https:\/\/pasaenmendoza.com\/index.php?rest_route=%2Fwp%2Fv2%2Fcomments&post=9733"}],"version-history":[{"count":1,"href":"https:\/\/pasaenmendoza.com\/index.php?rest_route=\/wp\/v2\/posts\/9733\/revisions"}],"predecessor-version":[{"id":9737,"href":"https:\/\/pasaenmendoza.com\/index.php?rest_route=\/wp\/v2\/posts\/9733\/revisions\/9737"}],"wp:featuredmedia":[{"embeddable":true,"href":"https:\/\/pasaenmendoza.com\/index.php?rest_route=\/wp\/v2\/media\/9736"}],"wp:attachment":[{"href":"https:\/\/pasaenmendoza.com\/index.php?rest_route=%2Fwp%2Fv2%2Fmedia&parent=9733"}],"wp:term":[{"taxonomy":"category","embeddable":true,"href":"https:\/\/pasaenmendoza.com\/index.php?rest_route=%2Fwp%2Fv2%2Fcategories&post=9733"},{"taxonomy":"post_tag","embeddable":true,"href":"https:\/\/pasaenmendoza.com\/index.php?rest_route=%2Fwp%2Fv2%2Ftags&post=9733"}],"curies":[{"name":"wp","href":"https:\/\/api.w.org\/{rel}","templated":true}]}}