{"id":974,"date":"2023-08-28T14:42:20","date_gmt":"2023-08-28T12:42:20","guid":{"rendered":"https:\/\/pasaenmendoza.com\/?p=974"},"modified":"2023-08-28T14:42:21","modified_gmt":"2023-08-28T12:42:21","slug":"pronostico-en-mendoza-ascenso-de-la-temperatura-y-nevadas-en-cordillera","status":"publish","type":"post","link":"https:\/\/pasaenmendoza.com\/?p=974","title":{"rendered":"Pron\u00f3stico en Mendoza: ascenso de la temperatura y nevadas en cordillera"},"content":{"rendered":"\n<p>El \u00faltimo\u00a0<strong>lunes<\/strong>\u00a0de agosto llega con cielo algo nublado,\u00a0<mark>ascenso de la temperatura<\/mark>\u00a0y vientos moderados del sudeste. Adem\u00e1s, la\u00a0<strong>Direcci\u00f3n de Contingencias Clim\u00e1ticas\u00a0<\/strong>anuncia nevadas en cordillera.\u00a0<mark>La m\u00ednima ser\u00e1 de 5 grados y la m\u00e1xima de 23.<\/mark><\/p>\n\n\n\n<p>Para el\u00a0<strong>martes<\/strong>\u00a0se prev\u00e9: \u201cTiempo bueno con poco cambio de la temperatura, vientos leves del noreste\u201d.<mark>\u00a0La m\u00ednima ser\u00e1 de 6 grados y la m\u00e1xima de 21.<\/mark><\/p>\n\n\n\n<p>El\u00a0<strong>mi\u00e9rcoles<\/strong>,\u00a0<mark>D\u00eda de Santa Rosa de Lima,\u00a0<\/mark>no se prev\u00e9n tormentas, pero s\u00ed\u00a0<strong>Zonda<\/strong>\u00a0en el sector cordillerano y el Sur provincial. En tanto, en el llano se espera un aumento la temperatura y vientos leves del noreste.\u00a0<mark>La m\u00e1xima prevista podr\u00eda llegar a los 26 grados.<\/mark><\/p>\n\n\n\n<p><strong>La situaci\u00f3n en alta monta\u00f1a<\/strong><\/p>\n\n\n\n<p>El\u00a0<strong>Sistema Integrado Cristo Redentor<\/strong>\u00a0se encuentra<mark>\u00a0cerrado<\/mark>\u00a0para todo tipo de veh\u00edculo, por mal tiempo en alta monta\u00f1a y acumulaci\u00f3n n\u00edvea.<\/p>\n\n\n\n<p>El\u00a0<strong>paso Pehuenche<\/strong>\u00a0est\u00e1\u00a0<mark>intransitable<\/mark>\u00a0por tiempo indeterminado.<\/p>\n\n\n\n<p><strong>Fuente: www.elsol.com.ar<\/strong><\/p>\n","protected":false},"excerpt":{"rendered":"<p>El \u00faltimo\u00a0lunes\u00a0de agosto llega con cielo algo nublado,\u00a0ascenso de la temperatura\u00a0y vientos moderados del sudeste. Adem\u00e1s, la\u00a0Direcci\u00f3n de Contingencias Clim\u00e1ticas\u00a0anuncia nevadas en cordillera.\u00a0La m\u00ednima ser\u00e1 de 5 grados y la m\u00e1xima de 23. Para el\u00a0martes\u00a0se prev\u00e9: \u201cTiempo bueno con poco cambio de la temperatura, vientos leves del noreste\u201d.\u00a0La m\u00ednima ser\u00e1 de 6 grados y la [&hellip;]<\/p>\n","protected":false},"author":2,"featured_media":975,"comment_status":"open","ping_status":"open","sticky":false,"template":"","format":"standard","meta":[],"categories":[52],"tags":[],"_links":{"self":[{"href":"https:\/\/pasaenmendoza.com\/index.php?rest_route=\/wp\/v2\/posts\/974"}],"collection":[{"href":"https:\/\/pasaenmendoza.com\/index.php?rest_route=\/wp\/v2\/posts"}],"about":[{"href":"https:\/\/pasaenmendoza.com\/index.php?rest_route=\/wp\/v2\/types\/post"}],"author":[{"embeddable":true,"href":"https:\/\/pasaenmendoza.com\/index.php?rest_route=\/wp\/v2\/users\/2"}],"replies":[{"embeddable":true,"href":"https:\/\/pasaenmendoza.com\/index.php?rest_route=%2Fwp%2Fv2%2Fcomments&post=974"}],"version-history":[{"count":1,"href":"https:\/\/pasaenmendoza.com\/index.php?rest_route=\/wp\/v2\/posts\/974\/revisions"}],"predecessor-version":[{"id":976,"href":"https:\/\/pasaenmendoza.com\/index.php?rest_route=\/wp\/v2\/posts\/974\/revisions\/976"}],"wp:featuredmedia":[{"embeddable":true,"href":"https:\/\/pasaenmendoza.com\/index.php?rest_route=\/wp\/v2\/media\/975"}],"wp:attachment":[{"href":"https:\/\/pasaenmendoza.com\/index.php?rest_route=%2Fwp%2Fv2%2Fmedia&parent=974"}],"wp:term":[{"taxonomy":"category","embeddable":true,"href":"https:\/\/pasaenmendoza.com\/index.php?rest_route=%2Fwp%2Fv2%2Fcategories&post=974"},{"taxonomy":"post_tag","embeddable":true,"href":"https:\/\/pasaenmendoza.com\/index.php?rest_route=%2Fwp%2Fv2%2Ftags&post=974"}],"curies":[{"name":"wp","href":"https:\/\/api.w.org\/{rel}","templated":true}]}}