{"id":9742,"date":"2024-10-24T00:21:13","date_gmt":"2024-10-23T22:21:13","guid":{"rendered":"https:\/\/pasaenmendoza.com\/?p=9742"},"modified":"2024-10-24T00:21:14","modified_gmt":"2024-10-23T22:21:14","slug":"las-heras-tiene-15-anos-se-robo-un-uber-escapo-manejando-y-lo-detuvieron-tras-caer-a-una-acequia","status":"publish","type":"post","link":"https:\/\/pasaenmendoza.com\/?p=9742","title":{"rendered":"Las Heras: tiene 15 a\u00f1os, se rob\u00f3 un Uber, escap\u00f3 manejando y lo detuvieron tras caer a una acequia"},"content":{"rendered":"\n<p>Un adolescente de 15 a\u00f1os fue\u00a0<strong>detenido<\/strong>\u00a0en la madrugada de este mi\u00e9rcoles en\u00a0Las Heras, luego de que protagonizara el\u00a0<strong>robo<\/strong>\u00a0de un veh\u00edculo que funcionaba como<strong>\u00a0<\/strong>Uber.<strong>\u00a0<\/strong>Los c\u00f3mplices del menor de edad no fueron arrestados.\u00a0<\/p>\n\n\n\n<p>El hecho ocurri\u00f3 pasada la 1.30 en Cacheuta y 17 de Octubre, cuando la v\u00edctima, un conductor de 42 a\u00f1os, lleg\u00f3 hasta el lugar por un viaje. All\u00ed se encontraban dos supuestas clientas, que le dijeron al hombre que aguardaran por una tercera pasajera.\u00a0<\/p>\n\n\n\n<p>Todo fue una maniobra distractoria para que arribaran&nbsp;dos delincuentes con armas de fuego, quienes redujeron al trabajador y le sacaron su Chevrolet Prisma.&nbsp;<\/p>\n\n\n\n<p>Los malvivientes escaparon de la zona con las mujeres, pero tras la denuncia y alertada la Polic\u00eda, mediante patrullajes se logr\u00f3 en la ma\u00f1ana interceptar el rodado en&nbsp;Bufano y Resistencia de&nbsp;<strong>Las Heras.&nbsp;<\/strong><\/p>\n\n\n\n<p>Comenz\u00f3 una persecuci\u00f3n de los efectivos, que termin\u00f3 cuando el chico cay\u00f3 adentro de una acequia con el auto\u00a0<strong>robado<\/strong>. No sufri\u00f3 heridas. pero qued\u00f3 inmediatamente<strong>\u00a0detenido.\u00a0<\/strong><\/p>\n\n\n\n<p>De sus c\u00f3mplices, nada se sabe por el momento.&nbsp;<\/p>\n\n\n\n<p><strong>Fuente: www.mdzol.com<\/strong><\/p>\n","protected":false},"excerpt":{"rendered":"<p>Un adolescente de 15 a\u00f1os fue\u00a0detenido\u00a0en la madrugada de este mi\u00e9rcoles en\u00a0Las Heras, luego de que protagonizara el\u00a0robo\u00a0de un veh\u00edculo que funcionaba como\u00a0Uber.\u00a0Los c\u00f3mplices del menor de edad no fueron arrestados.\u00a0 El hecho ocurri\u00f3 pasada la 1.30 en Cacheuta y 17 de Octubre, cuando la v\u00edctima, un conductor de 42 a\u00f1os, lleg\u00f3 hasta el lugar [&hellip;]<\/p>\n","protected":false},"author":2,"featured_media":9743,"comment_status":"open","ping_status":"open","sticky":false,"template":"","format":"standard","meta":[],"categories":[48],"tags":[],"_links":{"self":[{"href":"https:\/\/pasaenmendoza.com\/index.php?rest_route=\/wp\/v2\/posts\/9742"}],"collection":[{"href":"https:\/\/pasaenmendoza.com\/index.php?rest_route=\/wp\/v2\/posts"}],"about":[{"href":"https:\/\/pasaenmendoza.com\/index.php?rest_route=\/wp\/v2\/types\/post"}],"author":[{"embeddable":true,"href":"https:\/\/pasaenmendoza.com\/index.php?rest_route=\/wp\/v2\/users\/2"}],"replies":[{"embeddable":true,"href":"https:\/\/pasaenmendoza.com\/index.php?rest_route=%2Fwp%2Fv2%2Fcomments&post=9742"}],"version-history":[{"count":1,"href":"https:\/\/pasaenmendoza.com\/index.php?rest_route=\/wp\/v2\/posts\/9742\/revisions"}],"predecessor-version":[{"id":9744,"href":"https:\/\/pasaenmendoza.com\/index.php?rest_route=\/wp\/v2\/posts\/9742\/revisions\/9744"}],"wp:featuredmedia":[{"embeddable":true,"href":"https:\/\/pasaenmendoza.com\/index.php?rest_route=\/wp\/v2\/media\/9743"}],"wp:attachment":[{"href":"https:\/\/pasaenmendoza.com\/index.php?rest_route=%2Fwp%2Fv2%2Fmedia&parent=9742"}],"wp:term":[{"taxonomy":"category","embeddable":true,"href":"https:\/\/pasaenmendoza.com\/index.php?rest_route=%2Fwp%2Fv2%2Fcategories&post=9742"},{"taxonomy":"post_tag","embeddable":true,"href":"https:\/\/pasaenmendoza.com\/index.php?rest_route=%2Fwp%2Fv2%2Ftags&post=9742"}],"curies":[{"name":"wp","href":"https:\/\/api.w.org\/{rel}","templated":true}]}}