{"id":9754,"date":"2024-10-24T22:30:22","date_gmt":"2024-10-24T20:30:22","guid":{"rendered":"https:\/\/pasaenmendoza.com\/?p=9754"},"modified":"2024-10-24T22:30:24","modified_gmt":"2024-10-24T20:30:24","slug":"detuvieron-a-dos-hermanos-acusados-por-el-crimen-de-el-saltenito-ocurrido-en-un-descampado-de-las-heras","status":"publish","type":"post","link":"https:\/\/pasaenmendoza.com\/?p=9754","title":{"rendered":"Detuvieron a dos hermanos acusados por el crimen de &#8220;El Salte\u00f1ito&#8221; ocurrido en un descampado de Las Heras"},"content":{"rendered":"\n<p>Dos hermanos fueron\u00a0<strong>detenidos\u00a0<\/strong>en las \u00faltimas horas acusados por el\u00a0<strong>crimen\u00a0<\/strong>de\u00a0Vique Laime Jos\u00e9 Damia, alias El Salte\u00f1ito, ocurrido en un descampado de El Algarrobal, en\u00a0<strong>Las Heras<\/strong>, el 15 de Septiembre. Se trata de dos hombres de 26 y 31 a\u00f1os.\u00a0<\/p>\n\n\n\n<p>En el marco de la investigaci\u00f3n llevada a cabo por el fiscal de Homicidios\u00a0Gustavo Pirrello, a trav\u00e9s de una fuente confiable\u00a0se tom\u00f3 conocimiento de que los acusados se encontraban trabajando en un horno de ladrillos situado en calle Pedro Pascual Segura al\u00a08000 del departamento de\u00a0<strong>Las Heras<\/strong>.<\/p>\n\n\n\n<p>De esa manera, al presentarse en el domicilio en cuesti\u00f3n, los sujetos fueron&nbsp;identificados y&nbsp;se procedi\u00f3&nbsp;a su detenci\u00f3n. Se trata de dos hermanos domiciliados en Guaymall\u00e9n<\/p>\n\n\n\n<h2 class=\"wp-block-heading\">El caso<\/h2>\n\n\n\n<p>El cuerpo de la v\u00edctima\u00a0fue hallado\u00a0ensangrentado y semidesnudo en la zona de los hornos de ladrillos, en El Algarrobal,\u00a0<strong>Las Heras<\/strong>, el pasado 15 de septiembre. Y si bien al principio se manejaron diferentes hip\u00f3tesis, al realizarse la autopsia se termin\u00f3 por inclinar la balanza hacia un asesinato. \u00a0<\/p>\n\n\n\n<p>Jos\u00e9 Dami\u00e1n Vique Laime ten\u00eda 30 a\u00f1os,&nbsp;lo&nbsp;apodaban&nbsp;&#8220;El Salte\u00f1ito&#8221; -aunque era mendocino-, y estaba domiciliado en el barrio Uni\u00f3n y Progreso de&nbsp;<strong>Las Heras<\/strong>. Sin embargo, aquel domingo en horas del mediod\u00eda fue encontrado su cad\u00e1ver con&nbsp;abundantes lesiones y con mucha tierra encima.&nbsp;<\/p>\n\n\n\n<p>Fue un transe\u00fante quien lo observ\u00f3\u00a0y llam\u00f3 al 911, por lo que al llegar la Polic\u00eda se convoc\u00f3 a la\u00a0Fiscal\u00eda de Homicidios.\u00a0La revisi\u00f3n inicial de Cient\u00edfica no arroj\u00f3 impactos de bala ni lesiones de arma blanca en el muchacho, con lo cual se empezaron a analizar diversas posibilidades. Incluso, en las primeras horas hab\u00eda tomado\u00a0fuerza la teor\u00eda de que la v\u00edctima podr\u00eda haber sido atropellada por un veh\u00edculo, ya que presentaba signos de arrastre.\u00a0<\/p>\n\n\n\n<p>Sin embargo, el informe de la necropsia modific\u00f3 la investigaci\u00f3n y\u00a0a\u00a0partir de ese momento\u00a0el fiscal Pirrello\u00a0comenz\u00f3\u00a0a tomar las medidas oportunas para llegar a la verdad. Finalmente, con la detenci\u00f3n de los hermanos apuntados, todo parece encaminarse hacia el esclarecimiento del hecho.\u00a0<\/p>\n\n\n\n<p><strong>Fuente: www.mdzol.com<\/strong><\/p>\n","protected":false},"excerpt":{"rendered":"<p>Dos hermanos fueron\u00a0detenidos\u00a0en las \u00faltimas horas acusados por el\u00a0crimen\u00a0de\u00a0Vique Laime Jos\u00e9 Damia, alias El Salte\u00f1ito, ocurrido en un descampado de El Algarrobal, en\u00a0Las Heras, el 15 de Septiembre. Se trata de dos hombres de 26 y 31 a\u00f1os.\u00a0 En el marco de la investigaci\u00f3n llevada a cabo por el fiscal de Homicidios\u00a0Gustavo Pirrello, a trav\u00e9s [&hellip;]<\/p>\n","protected":false},"author":2,"featured_media":9755,"comment_status":"open","ping_status":"open","sticky":false,"template":"","format":"standard","meta":[],"categories":[48],"tags":[],"_links":{"self":[{"href":"https:\/\/pasaenmendoza.com\/index.php?rest_route=\/wp\/v2\/posts\/9754"}],"collection":[{"href":"https:\/\/pasaenmendoza.com\/index.php?rest_route=\/wp\/v2\/posts"}],"about":[{"href":"https:\/\/pasaenmendoza.com\/index.php?rest_route=\/wp\/v2\/types\/post"}],"author":[{"embeddable":true,"href":"https:\/\/pasaenmendoza.com\/index.php?rest_route=\/wp\/v2\/users\/2"}],"replies":[{"embeddable":true,"href":"https:\/\/pasaenmendoza.com\/index.php?rest_route=%2Fwp%2Fv2%2Fcomments&post=9754"}],"version-history":[{"count":1,"href":"https:\/\/pasaenmendoza.com\/index.php?rest_route=\/wp\/v2\/posts\/9754\/revisions"}],"predecessor-version":[{"id":9756,"href":"https:\/\/pasaenmendoza.com\/index.php?rest_route=\/wp\/v2\/posts\/9754\/revisions\/9756"}],"wp:featuredmedia":[{"embeddable":true,"href":"https:\/\/pasaenmendoza.com\/index.php?rest_route=\/wp\/v2\/media\/9755"}],"wp:attachment":[{"href":"https:\/\/pasaenmendoza.com\/index.php?rest_route=%2Fwp%2Fv2%2Fmedia&parent=9754"}],"wp:term":[{"taxonomy":"category","embeddable":true,"href":"https:\/\/pasaenmendoza.com\/index.php?rest_route=%2Fwp%2Fv2%2Fcategories&post=9754"},{"taxonomy":"post_tag","embeddable":true,"href":"https:\/\/pasaenmendoza.com\/index.php?rest_route=%2Fwp%2Fv2%2Ftags&post=9754"}],"curies":[{"name":"wp","href":"https:\/\/api.w.org\/{rel}","templated":true}]}}