{"id":9760,"date":"2024-10-25T15:07:49","date_gmt":"2024-10-25T13:07:49","guid":{"rendered":"https:\/\/pasaenmendoza.com\/?p=9760"},"modified":"2024-10-25T15:07:50","modified_gmt":"2024-10-25T13:07:50","slug":"enviaran-a-un-refugio-de-buenos-aires-al-chico-que-no-paraba-de-cometer-asaltos-en-las-heras","status":"publish","type":"post","link":"https:\/\/pasaenmendoza.com\/?p=9760","title":{"rendered":"Enviar\u00e1n a un refugio de Buenos Aires al chico que no paraba de cometer asaltos en Las Heras"},"content":{"rendered":"\n<p>Un delincuente juvenil de 15 a\u00f1os que es llamado por los investigadores como&nbsp;<em><strong>Toretto<\/strong><\/em>&nbsp;gan\u00f3 popularidad esta semana despu\u00e9s de ser atrapado dos veces en tres d\u00edas por cometer asaltos con armas de fuego a choferes de<strong>&nbsp;Uber<\/strong>&nbsp;en&nbsp;<strong>Las Heras<\/strong>.<\/p>\n\n\n\n<p>Pero no es la primera vez que este menor de edad tiene roces con la ley, ya que en ocasiones anteriores hab\u00eda ca\u00eddo en las garras policiales por diferentes hechos delictivos pero al ser inimputable volvi\u00f3 a la calle. Fuentes consultadas explicaron que se trata de una adolescente con\u00a0<em>\u201cgraves problemas de consumo de drogas\u201d\u00a0<\/em>y que\u00a0<em>\u201cdesde los 12 a\u00f1os viene cometiendo robos con armas de fuego\u201d<\/em>.<\/p>\n\n\n\n<p>Los numerosos episodios que viene protagonizando desde su ni\u00f1ez, le valieron un total de 10 intervenciones por parte de los<strong>\u00a0<\/strong>Equipos T\u00e9cnicos Interdisciplinarios (<strong>ETI<\/strong>). Frente a su complicada situaci\u00f3n y la reiterancia en la actividad delictiva, se decidi\u00f3 en las \u00faltimas horas su internaci\u00f3n en un\u00a0<strong>refugio para chicos en situaci\u00f3n de vulnerabilidad de la provincia Buenos Aires<\/strong>.<\/p>\n\n\n\n<p>Se trata de una medida excepcional, que es aquella que se determina para sacarlo del c\u00edrculo \u00edntimo (familia) e intentar una recuperaci\u00f3n de la persona. La decisi\u00f3n es entre los ETI y profesionales de la salud mental, como psic\u00f3logos y psiquiatras, quienes luego notifican la situaci\u00f3n ante la Justicia de Familia.<\/p>\n\n\n\n<p>Hasta este jueves, el&nbsp;<em><strong>Toretto&nbsp;<\/strong><\/em>continuaba internado en el&nbsp;<strong>Hospital Carrillo<\/strong>, ya que sufri\u00f3 un choque en medio de una persecuci\u00f3n, mientras intentaba escapar de polic\u00edas a bordo de un auto sustra\u00eddo a un conductor de la mencionada aplicaci\u00f3n de viajes.<\/p>\n\n\n\n<p>Una vez que reciba el alta m\u00e9dica, indicaron las fuentes allegadas al caso, pasar\u00e1 al\u00a0<strong>Centro de Adolescentes con Medidas de Excepci\u00f3n<\/strong>\u00a0(<strong>Came<\/strong>), dependiente de la\u00a0Subsecretaria de Infancias, Adolescencias y Juventudes, hogares para tratamientos ambulatorios.<\/p>\n\n\n\n<p>Posteriormente, ser\u00e1 trasladado por funcionarios provinciales hasta una sede de la&nbsp;<strong>ONG Casa del Sur<\/strong>, ubicada en Monte Grande, un predio cerrado y especializado en la contenci\u00f3n de menores de edad con problem\u00e1ticas de consumo o con tendencia a cometer delitos graves, tales como robos agravados, homicidios y abusos sexuales.<\/p>\n\n\n\n<p>Adem\u00e1s, se trata de un caso en que el adolescente acusado no s\u00f3lo&nbsp;<em>\u201crepresenta un peligro para la sociedad\u201d<\/em>, sino que tambi\u00e9n genera un riesgo mantenerlo en&nbsp;<strong>hogares de Mendoza<\/strong>, ya que probablemente buscar\u00eda escapar para estar con su familia o c\u00edrculo \u00edntimo y terminar\u00eda reincidiendo en el consumo y, por ende, en la actividad delictiva, explicaron las fuentes.<\/p>\n\n\n\n<p>Por eso, en el refugio que tendr\u00e1 como destino ser\u00e1 sometido a un riguroso proceso de desintoxicaci\u00f3n, en donde recibir\u00e1 los cuidados b\u00e1sicos para que pueda superar el periodo de abstinencia. Asimismo, los j\u00f3venes internados practican all\u00ed\u00a0<strong>actividades agr\u00edcolas, manualidades y deportes<\/strong>, entre otras tareas.<\/p>\n\n\n\n<p>Una vez que atraviese ese proceso y quede \u201c<em>limpio<\/em>\u201c, es decir, que pase un largo periodo alejado del consumo de estupefacientes, podr\u00e1 regresar a Mendoza, donde las autoridades definir\u00e1n su futuro, sostiene la informaci\u00f3n a la que accedi\u00f3&nbsp;<strong><em>El Sol<\/em><\/strong>.<\/p>\n\n\n\n<h2 class=\"wp-block-heading\" id=\"h-problematico\">Problem\u00e1tico<\/h2>\n\n\n\n<p>El primero de los casos que el\u00a0<strong><em>Toretto\u00a0<\/em><\/strong>protagoniz\u00f3 esta semana ocurri\u00f3 alrededor de las 1.30 del lunes, cuando un\u00a0<strong>chofer de Uber<\/strong>, de 26 a\u00f1os, arrib\u00f3 hasta el cruce de<strong>\u00a0<\/strong>calles Esqui\u00fa y 17 de Octubre\u00a0para iniciar un viaje que solicitaron a trav\u00e9s de la popular app.<\/p>\n\n\n\n<p>Una vez all\u00ed, dos mujeres subieron a su<strong>&nbsp;Volkswagen Gol Trend&nbsp;<\/strong>negro y una de ellas le pidi\u00f3 que aguardara un momento porque ten\u00eda que cambiar la direcci\u00f3n de destino. En ese momento, dos malvivientes sorprendieron al conductor y lo increparon con un&nbsp;arma de fuego.<\/p>\n\n\n\n<p>Mediante amenazas, subieron al veh\u00edculo y obligaron a la v\u00edctima a bajarse. Acto seguido, huyeron a toda velocidad hacia el norte de calle 17 de Octubre, llev\u00e1ndose tambi\u00e9n un celular\u00a0Samsung A15 del trabajador del volante.<\/p>\n\n\n\n<p>Posteriormente,&nbsp;<strong>polic\u00edas de la Unidad Especial de Patrullaje Las Heras&nbsp;(UEP)&nbsp;<\/strong>que recorr\u00edan<strong>&nbsp;<\/strong>calle Dorrego<strong>&nbsp;<\/strong>en busca del autom\u00f3vil sustra\u00eddo, lo vieron circulando hacia el norte por calle Lisandro Moyano.<\/p>\n\n\n\n<p>All\u00ed se comenz\u00f3 una larga persecuci\u00f3n por diferentes calles del departamento, que termin\u00f3 a metros del cruce de&nbsp;<strong>Maza y Lamadrid<\/strong>, donde el asaltante al mando del&nbsp;<strong>Gol Trend&nbsp;<\/strong>choc\u00f3 contra un \u00e1rbol.<\/p>\n\n\n\n<p>Del interior del veh\u00edculo salieron tres sujetos -uno de ellos era el\u00a0<em>Toretto<\/em>\u2013 quienes continuaron el escape a pie por un descampado aleda\u00f1o, pero terminaron siendo interceptados por dos movilidades de la\u00a0<strong>UEP<\/strong>.<\/p>\n\n\n\n<p>Tres d\u00edas despu\u00e9s, a la 1.30 del mi\u00e9rcoles, otro trabajador de&nbsp;<strong>Uber<\/strong>, de 42 a\u00f1os sufri\u00f3 un nuevo asalto con el mismo modus operandi. Fue cuando acept\u00f3 un viaje en la zona de los&nbsp;barrios Santa Rosa y Solares de Brown, en el distrito de&nbsp;<strong>La Cienaguita<\/strong>.<\/p>\n\n\n\n<p>La aplicaci\u00f3n lo desplaz\u00f3 hasta el cruce de<strong>&nbsp;calles Cacheuta y 17 de Octubre<\/strong>, donde dos mujeres subieron al rodado, un<strong>&nbsp;Chevrolet Prima&nbsp;<\/strong>gris. Las pasajeras le explicaron que ten\u00edan que esperar a una amiga que estaba saliendo de su casa.<\/p>\n\n\n\n<p>Fue all\u00ed cuando aparecieron en escena dos sujetos, uno de los cuales portaba una pistola y\u00a0<mark>le propin\u00f3 dos culatazos en lado izquierdo de la cabeza<\/mark>. Lesionada, la v\u00edctima fue obligada a descender del autom\u00f3vil y ladrones escaparon en el mismo, hacia el este de<strong>\u00a0<\/strong>calle Cacheuta.<\/p>\n\n\n\n<p>Horas m\u00e1s tarde, cerca de las 9, personal de la\u00a0<strong>UEP<\/strong>\u00a0detect\u00f3 en el cruce de<strong>\u00a0calles Olascoaga y M\u00e9xico<\/strong>\u00a0a un adolescente que circulaba al mando del\u00a0<strong>Chevrolet robado,<\/strong>\u00a0al cual le hab\u00edan tapado la chapa patente trasera con barro.<\/p>\n\n\n\n<p>Por eso, le indicaron que se frenara con toques de sirena y balizas. No obstante, el joven al volante aceler\u00f3 hacia el este de<strong>&nbsp;calle M\u00e9xico<\/strong>, con el objetivo de perderlos de vista.<\/p>\n\n\n\n<p>En el cruce con&nbsp;<strong>calle Bufano<\/strong>, mientras era perseguido por la movilidad policial, quiso sobrepasar un colectivo, perdi\u00f3 el dominio del veh\u00edculo e hizo un trompo, impactando contra un poste de luz.<\/p>\n\n\n\n<p>Tras el accidente, el&nbsp;<em>Toretto&nbsp;<\/em>baj\u00f3 del auto e intent\u00f3 continuar la fuga a pie,&nbsp;<strong>gritando que era menor de edad<\/strong>, pero eso no evit\u00f3 que los uniformados lo aprehendieran y pusieran, una vez m\u00e1s, a disposici\u00f3n de la Justicia.<\/p>\n\n\n\n<p>Frente a las m\u00faltiples detenciones y su complicada situaci\u00f3n personal, las autoridades provinciales\u00a0<mark>determinaron que lo mejor era enviarlo al mencionado refugio de Buenos Aires<\/mark>, con la intenci\u00f3n de que se recupere de la adicci\u00f3n a las drogas y se trabaje para que intente abandonar la actividad delictiva.<\/p>\n\n\n\n<p><strong>Fuente: www.elsol.com.ar<\/strong><\/p>\n","protected":false},"excerpt":{"rendered":"<p>Un delincuente juvenil de 15 a\u00f1os que es llamado por los investigadores como&nbsp;Toretto&nbsp;gan\u00f3 popularidad esta semana despu\u00e9s de ser atrapado dos veces en tres d\u00edas por cometer asaltos con armas de fuego a choferes de&nbsp;Uber&nbsp;en&nbsp;Las Heras. Pero no es la primera vez que este menor de edad tiene roces con la ley, ya que en [&hellip;]<\/p>\n","protected":false},"author":2,"featured_media":9761,"comment_status":"open","ping_status":"open","sticky":false,"template":"","format":"standard","meta":[],"categories":[48],"tags":[],"_links":{"self":[{"href":"https:\/\/pasaenmendoza.com\/index.php?rest_route=\/wp\/v2\/posts\/9760"}],"collection":[{"href":"https:\/\/pasaenmendoza.com\/index.php?rest_route=\/wp\/v2\/posts"}],"about":[{"href":"https:\/\/pasaenmendoza.com\/index.php?rest_route=\/wp\/v2\/types\/post"}],"author":[{"embeddable":true,"href":"https:\/\/pasaenmendoza.com\/index.php?rest_route=\/wp\/v2\/users\/2"}],"replies":[{"embeddable":true,"href":"https:\/\/pasaenmendoza.com\/index.php?rest_route=%2Fwp%2Fv2%2Fcomments&post=9760"}],"version-history":[{"count":1,"href":"https:\/\/pasaenmendoza.com\/index.php?rest_route=\/wp\/v2\/posts\/9760\/revisions"}],"predecessor-version":[{"id":9762,"href":"https:\/\/pasaenmendoza.com\/index.php?rest_route=\/wp\/v2\/posts\/9760\/revisions\/9762"}],"wp:featuredmedia":[{"embeddable":true,"href":"https:\/\/pasaenmendoza.com\/index.php?rest_route=\/wp\/v2\/media\/9761"}],"wp:attachment":[{"href":"https:\/\/pasaenmendoza.com\/index.php?rest_route=%2Fwp%2Fv2%2Fmedia&parent=9760"}],"wp:term":[{"taxonomy":"category","embeddable":true,"href":"https:\/\/pasaenmendoza.com\/index.php?rest_route=%2Fwp%2Fv2%2Fcategories&post=9760"},{"taxonomy":"post_tag","embeddable":true,"href":"https:\/\/pasaenmendoza.com\/index.php?rest_route=%2Fwp%2Fv2%2Ftags&post=9760"}],"curies":[{"name":"wp","href":"https:\/\/api.w.org\/{rel}","templated":true}]}}