{"id":9763,"date":"2024-10-25T15:11:43","date_gmt":"2024-10-25T13:11:43","guid":{"rendered":"https:\/\/pasaenmendoza.com\/?p=9763"},"modified":"2024-10-25T15:11:47","modified_gmt":"2024-10-25T13:11:47","slug":"allanaron-una-red-de-microtrafico-de-drogas-vinculada-al-entorno-de-un-joven-asesinado-en-mendoza","status":"publish","type":"post","link":"https:\/\/pasaenmendoza.com\/?p=9763","title":{"rendered":"Allanaron una red de microtr\u00e1fico de drogas vinculada al entorno de un joven asesinado en Mendoza"},"content":{"rendered":"\n<p>El\u00a0crimen de<strong>\u00a0Alexis Daniel Solar<\/strong>, un chico de 18 a\u00f1os asesinado de un disparo en la cabeza a comienzos de este a\u00f1o en\u00a0<strong>Guaymall\u00e9n<\/strong>, potenci\u00f3 las sospechas sobre una\u00a0<strong>red de microtr\u00e1fico de drogas<\/strong>\u00a0presuntamente liderada por la madre de la v\u00edctima y el novio de ella. Luego de varios meses de investigaci\u00f3n, la tarde de este jueves personal de la<strong>\u00a0Polic\u00eda Contra el Narcotr\u00e1fico\u00a0<\/strong>(<strong>PCN<\/strong>) desarroll\u00f3 allanamientos masivos en la zona de<strong>\u00a0El Bermejo<\/strong>,\u00a0<strong>Jes\u00fas Nazareno\u00a0<\/strong>y en<strong>\u00a0Godoy Cruz<\/strong>.<\/p>\n\n\n\n<p>En total, se realizaron 15 medidas. Comenzaron pasadas las 13 y duraron varias horas. Hubo detenidos. Tambi\u00e9n secuestraron sustancias fraccionadas para la venta y plantas de marihuana y\u00a0<mark>apuntaron a la incautaci\u00f3n de veh\u00edculos y otros bienes inmuebles, debido a que existen sospechas de que incrementaron su patrimonio gracias a las ganancias que les generaba la comercializaci\u00f3n.<\/mark><\/p>\n\n\n\n<p>En el expediente se encuentran complicados\u00a0<strong>Gloria Janet Gonz\u00e1lez Pozas<\/strong><em>\u00a0<\/em>(35) y<strong>\u00a0Franco David Reyes\u00a0<\/strong>(31). La mujer permanec\u00eda hasta este jueves internada en el Hospital El Sauce por los problemas psiqui\u00e1tricos que acarrea desde la muerte de su hijo, aunque quedar\u00e1 a disposici\u00f3n de la Justicia federal cuando reciba el alta m\u00e9dica; mientras que su pareja, conocida como\u00a0<em><strong>Kuini<\/strong><\/em>, se dio a la fuga durante las medidas que desarrollaron los sabuesos especializados en casos de<strong>\u00a0narcocriminalidad<\/strong>.<\/p>\n\n\n\n<p>De la pesquisa que realiz\u00f3 la&nbsp;<strong>PCN&nbsp;<\/strong>se desprende que, antes de que se cometiera el crimen&nbsp;<strong>de Solar<\/strong>, las autoridades ven\u00edan profundizando sobre numerosos<strong>&nbsp;enfrentamientos armados<\/strong>,&nbsp;<strong>amenazas a vecinos&nbsp;<\/strong>y&nbsp;<strong>usurpaci\u00f3n de domicilios<\/strong>&nbsp;por los que ven\u00eda siendo se\u00f1alada la v\u00edctima y parte de sus familiares. Es m\u00e1s, hubo allanamientos en un domicilio de calle Curupayt\u00ed que acrecentaron las sospechas antes del hecho de sangre.<\/p>\n\n\n\n<p>De acuerdo con las averiguaciones practicadas por los detectives, Solar actuaba junto a un grupo de amigos y conocidos de la zona, en su mayor\u00eda menores de edad, que desde hac\u00eda tiempo ten\u00edan al maltraer a los habitantes del\u00a0<strong>barrio Chevenne de Jes\u00fas Nazareno<\/strong>, donde fue ultimado. Tambi\u00e9n en otros complejos cercanos.<\/p>\n\n\n\n<p>Adem\u00e1s, a los investigadores les llam\u00f3 la atenci\u00f3n el ostentoso estilo de vida que exhib\u00edan Gonz\u00e1lez y Reyes en las redes sociales.\u00a0<mark>Gonz\u00e1lez Pozas se mov\u00eda en un auto valuado en m\u00e1s de 15 millones de pesos y evidenciaba salidas constantes en restoranes y paseos de compras sin trabajo leg\u00edtimo, adem\u00e1s de vivir en coquetas viviendas<\/mark>.<\/p>\n\n\n\n<p>Debido a esto profundizaron las tareas de inteligencia y de campo en la zona, estableciendo que la pareja estaba sospechada de integrar una red de&nbsp;<strong>microtr\u00e1fico de estupefacientes<\/strong>.<\/p>\n\n\n\n<p>De la instrucci\u00f3n se desprende que la actividad que no solo desarrollaban en departamentos del&nbsp;<strong>Gran Mendoza<\/strong>, sino tambi\u00e9n en<strong>&nbsp;San Rafael<\/strong>&nbsp;a trav\u00e9s de algunos nexos o contactos, aseguraron fuentes allegadas a la causa.<\/p>\n\n\n\n<p>Todos esos elementos motivaron la bater\u00eda de allanamientos que iniciaron cerca de las 1.15 en el<strong>\u00a0barrio Nueva Esperanza\u00a0<\/strong>de\u00a0<strong>El Bermejo<\/strong>\u00a0y en algunos domicilios de<strong>\u00a0Godoy Cruz<\/strong>, donde detuvieron a la madre de Gonz\u00e1lez -identificada como\u00a0<strong>Nelly Pozas<\/strong>\u2013 y hubo secuestros estupefacientes y otros elementos de importancia para la causa y que complican la situaci\u00f3n de la pareja sospechada.<\/p>\n\n\n\n<p>Por las pruebas que se incorporaron en la causa, fuentes judiciales y policiales aportaron que Nelly Pozas \u201cestar\u00eda muy complicada\u201d con la tenencia y comercio de las sustancias. Es m\u00e1s, agregaron que\u00a0<strong>la organizaci\u00f3n ten\u00eda como modus operandi aprovecharse de personas de bajos recursos\u00a0<\/strong>para que comercializaran la droga a cambio de unos pocos pesos.<\/p>\n\n\n\n<h2 class=\"wp-block-heading\" id=\"h-el-asesinato-de-alexis-solar\">El asesinato de Alexis Solar<\/h2>\n\n\n\n<p>Fue alrededor de las 5.30 del domingo 24 de marzo, cuando tres adolescentes llegaron hasta la puerta de una casa de&nbsp;<strong>calle 20 de Julio<\/strong>&nbsp;al 600, en el<strong>&nbsp;barrio Chevenne<\/strong>, y comenzaron a golpearla violentamente, as\u00ed como tambi\u00e9n los vidrios de una ventana del ingreso.<\/p>\n\n\n\n<p>Aparentemente, los j\u00f3venes, entre los que se encontraba Solar,\u00a0reclamaban la tenencia de la vivienda, ya que la propietaria tambi\u00e9n era familiar del muchacho asesinado.<\/p>\n\n\n\n<p>En el interior se encontraba\u00a0<strong>Miguel Israel Garay Brizuela (38)<\/strong>, m\u00e1s conocido como el\u00a0<em>Miguel\u00f3n<\/em>,\u00a0quien cuidaba la propiedad porque la due\u00f1a era pariente de su pareja.<\/p>\n\n\n\n<p>Frente a las amenazas del grupo de j\u00f3venes liderado por Solar, Garay tom\u00f3 un arma de fuego y realiz\u00f3 algunos disparos intimidatorios con la intenci\u00f3n de que se retiraran. Fue all\u00ed cuando uno de los plomos le impact\u00f3 en la cabeza al hijo de Gonz\u00e1lez, quien perdi\u00f3 la vida en cuesti\u00f3n de minutos, mientras era trasladado en un veh\u00edculo particular al&nbsp;<strong>Hospital Central<\/strong>, sostiene la teor\u00eda del caso.<\/p>\n\n\n\n<p>Tres d\u00edas despu\u00e9s del hecho de sangre, el\u00a0<em>Miguel\u00f3n\u00a0<\/em>se entreg\u00f3 ante las autoridades y fue imputado por la<strong>\u00a0fiscal de Homicidios Claudia R\u00edos\u00a0<\/strong>por el delito de\u00a0<strong>homicidio agravado por el uso de arma de fuego<\/strong>.<\/p>\n\n\n\n<p>M\u00e1s all\u00e1 de eso, el hecho de sangre permiti\u00f3 conocer m\u00e1s sobre la vida de Gonz\u00e1lez y el\u00a0<em>Kuini\u00a0<\/em>Reyes, completando el rompecabezas de presuntos cabecillas de una organizaci\u00f3n dedicada al<strong>\u00a0microtr\u00e1fico y comercializaci\u00f3n de drogas<\/strong>. Es m\u00e1s, previamente ya hab\u00edan sido allanados por otras causas, finalizaron las fuentes.<\/p>\n\n\n\n<p><strong>Fuente: www.elsol.com.ar<\/strong><\/p>\n","protected":false},"excerpt":{"rendered":"<p>El\u00a0crimen de\u00a0Alexis Daniel Solar, un chico de 18 a\u00f1os asesinado de un disparo en la cabeza a comienzos de este a\u00f1o en\u00a0Guaymall\u00e9n, potenci\u00f3 las sospechas sobre una\u00a0red de microtr\u00e1fico de drogas\u00a0presuntamente liderada por la madre de la v\u00edctima y el novio de ella. Luego de varios meses de investigaci\u00f3n, la tarde de este jueves personal [&hellip;]<\/p>\n","protected":false},"author":2,"featured_media":9764,"comment_status":"open","ping_status":"open","sticky":false,"template":"","format":"standard","meta":[],"categories":[48],"tags":[],"_links":{"self":[{"href":"https:\/\/pasaenmendoza.com\/index.php?rest_route=\/wp\/v2\/posts\/9763"}],"collection":[{"href":"https:\/\/pasaenmendoza.com\/index.php?rest_route=\/wp\/v2\/posts"}],"about":[{"href":"https:\/\/pasaenmendoza.com\/index.php?rest_route=\/wp\/v2\/types\/post"}],"author":[{"embeddable":true,"href":"https:\/\/pasaenmendoza.com\/index.php?rest_route=\/wp\/v2\/users\/2"}],"replies":[{"embeddable":true,"href":"https:\/\/pasaenmendoza.com\/index.php?rest_route=%2Fwp%2Fv2%2Fcomments&post=9763"}],"version-history":[{"count":1,"href":"https:\/\/pasaenmendoza.com\/index.php?rest_route=\/wp\/v2\/posts\/9763\/revisions"}],"predecessor-version":[{"id":9765,"href":"https:\/\/pasaenmendoza.com\/index.php?rest_route=\/wp\/v2\/posts\/9763\/revisions\/9765"}],"wp:featuredmedia":[{"embeddable":true,"href":"https:\/\/pasaenmendoza.com\/index.php?rest_route=\/wp\/v2\/media\/9764"}],"wp:attachment":[{"href":"https:\/\/pasaenmendoza.com\/index.php?rest_route=%2Fwp%2Fv2%2Fmedia&parent=9763"}],"wp:term":[{"taxonomy":"category","embeddable":true,"href":"https:\/\/pasaenmendoza.com\/index.php?rest_route=%2Fwp%2Fv2%2Fcategories&post=9763"},{"taxonomy":"post_tag","embeddable":true,"href":"https:\/\/pasaenmendoza.com\/index.php?rest_route=%2Fwp%2Fv2%2Ftags&post=9763"}],"curies":[{"name":"wp","href":"https:\/\/api.w.org\/{rel}","templated":true}]}}