{"id":9770,"date":"2024-10-25T19:06:22","date_gmt":"2024-10-25T17:06:22","guid":{"rendered":"https:\/\/pasaenmendoza.com\/?p=9770"},"modified":"2024-10-25T19:06:24","modified_gmt":"2024-10-25T17:06:24","slug":"daniel-orozco-revelo-el-armado-de-un-nuevo-frente-provincial-para-presentarse-como-candidato","status":"publish","type":"post","link":"https:\/\/pasaenmendoza.com\/?p=9770","title":{"rendered":"Daniel Orozco revel\u00f3 el armado de un nuevo frente provincial para presentarse como candidato"},"content":{"rendered":"\n<p>El exintendente de Las Heras\u00a0<strong>Daniel Orozco<\/strong>, imputado por peculado por la Justicia mendocina, revel\u00f3 que est\u00e1 formado un nuevo frente pol\u00edtico provincial pensando en las\u00a0<strong>elecciones\u00a0<\/strong>del a\u00f1o que viene.<\/p>\n\n\n\n<p>Despu\u00e9s de\u00a0presentar nuevas pruebas y pedir la nulidad de su causa, el excandidato a vicegobernador por\u00a0<strong>La Uni\u00f3n Mendocina<\/strong>\u00a0se mostr\u00f3 ya alejado de ese frente que encabezaba\u00a0<strong>Omar De Marchi\u00a0<\/strong>y anunci\u00f3 el armado de una nueva conjunci\u00f3n para presentarse como<strong>\u00a0candidato a concejal en Las Heras en 2025<\/strong>.<\/p>\n\n\n\n<p>Son \u201cmuchos los partidos que me quieren como\u00a0<strong>candidato<\/strong>\u201d y con ellos se encuentra en tratativas para armar un frente provincial nuevo y presentar nombres en toda la provincia: \u201cEstamos muy bien posicionados\u201d.<\/p>\n\n\n\n<h2 class=\"wp-block-heading\">Lejos de Omar De Marchi y \u00bfcerca de qui\u00e9nes?<\/h2>\n\n\n\n<p>Este&nbsp;<strong>nuevo frente ser\u00e1<\/strong>&nbsp;\u201ctotalmente diferente\u201d, dijo Orozco, y revel\u00f3 que entre las agrupaciones con las que est\u00e1 negociando se encuentran el&nbsp;<strong>Partido Federal<\/strong>&nbsp;y otros departamentales como el partido Ser y Vientos de Cambio.<\/p>\n\n\n\n<p>Meses atr\u00e1s&nbsp;<strong>Daniel Orozco<\/strong>&nbsp;comenz\u00f3 a subir el perfil, en medio de la causa de las cooperativas fraudulentas que lo tiene en la mira tanto a \u00e9l como a su esposa, la exsecretaria de Gobierno de Las Heras, Janina Ortiz, y a otros funcionarios municipales.<\/p>\n\n\n\n<p>En redes sociales y con algunas apariciones pol\u00edticas, Orozco daba se\u00f1ales de su intenci\u00f3n de volver al ruedo. Finalmente, tras presentar nuevas pruebas en su causa, el exintendente lo confirm\u00f3: quiere ser\u00a0<strong>concejal en 2025 de la mano de un frente con el Partido Federal.<\/strong><\/p>\n\n\n\n<p>Si bien no quiso descartar formalmente a&nbsp;<strong>De Marchi<\/strong>, s\u00ed advirti\u00f3 que \u201cest\u00e1 todo muy polarizado; todos hablan de pol\u00edticos que siguen estando en la palestra; y esta es una formaci\u00f3n nueva, totalmente diferente, con militantes\u201d; y que si hay figuras de renombre de la pol\u00edtica que se quieran sumar, las conversaciones est\u00e1n abiertas.<\/p>\n\n\n\n<p>El&nbsp;<strong>Partido Federal&nbsp;<\/strong>hoy tiene entre los referentes a su presidente,&nbsp;<strong>Daniel Madeo<\/strong>. Tambi\u00e9n otros como el radical Mario Lima, Cristina Salas, Carlos Moreno, Romina P\u00e9rez y el exconcejal de Godoy Cruz Marcelo Canale.<\/p>\n\n\n\n<p>\u201cQuieren una visi\u00f3n diferente, como la que tienen aquellos que en general&nbsp;<strong>no vienen de la pol\u00edtica<\/strong>\u201d, dijo Orozco.<\/p>\n\n\n\n<h2 class=\"wp-block-heading\">Daniel Orozco pidi\u00f3 la nulidad de la causa en su contra<\/h2>\n\n\n\n<p>\u201c<strong>La causa se va a caer<\/strong>\u201d, confi\u00f3 el m\u00e9dico sobre el expediente que lo tiene en la mira por presuntos casos de corrupci\u00f3n cuando era intendente de la comuna lasherina.<\/p>\n\n\n\n<p>\u201cTenemos muchas pruebas fuertes. Es una causa intencional, basada en visiones err\u00f3neas. En cualquier juzgado del mundo yo tendr\u00eda que ser testigo y no imputado\u201d, expres\u00f3 y\u00a0<strong>acus\u00f3 a la Justicia de no ser imparcial<\/strong>.<\/p>\n\n\n\n<p><strong>Fuente: www.diariouno.com.ar<\/strong><\/p>\n","protected":false},"excerpt":{"rendered":"<p>El exintendente de Las Heras\u00a0Daniel Orozco, imputado por peculado por la Justicia mendocina, revel\u00f3 que est\u00e1 formado un nuevo frente pol\u00edtico provincial pensando en las\u00a0elecciones\u00a0del a\u00f1o que viene. Despu\u00e9s de\u00a0presentar nuevas pruebas y pedir la nulidad de su causa, el excandidato a vicegobernador por\u00a0La Uni\u00f3n Mendocina\u00a0se mostr\u00f3 ya alejado de ese frente que encabezaba\u00a0Omar De [&hellip;]<\/p>\n","protected":false},"author":2,"featured_media":9771,"comment_status":"open","ping_status":"open","sticky":false,"template":"","format":"standard","meta":[],"categories":[47],"tags":[],"_links":{"self":[{"href":"https:\/\/pasaenmendoza.com\/index.php?rest_route=\/wp\/v2\/posts\/9770"}],"collection":[{"href":"https:\/\/pasaenmendoza.com\/index.php?rest_route=\/wp\/v2\/posts"}],"about":[{"href":"https:\/\/pasaenmendoza.com\/index.php?rest_route=\/wp\/v2\/types\/post"}],"author":[{"embeddable":true,"href":"https:\/\/pasaenmendoza.com\/index.php?rest_route=\/wp\/v2\/users\/2"}],"replies":[{"embeddable":true,"href":"https:\/\/pasaenmendoza.com\/index.php?rest_route=%2Fwp%2Fv2%2Fcomments&post=9770"}],"version-history":[{"count":1,"href":"https:\/\/pasaenmendoza.com\/index.php?rest_route=\/wp\/v2\/posts\/9770\/revisions"}],"predecessor-version":[{"id":9772,"href":"https:\/\/pasaenmendoza.com\/index.php?rest_route=\/wp\/v2\/posts\/9770\/revisions\/9772"}],"wp:featuredmedia":[{"embeddable":true,"href":"https:\/\/pasaenmendoza.com\/index.php?rest_route=\/wp\/v2\/media\/9771"}],"wp:attachment":[{"href":"https:\/\/pasaenmendoza.com\/index.php?rest_route=%2Fwp%2Fv2%2Fmedia&parent=9770"}],"wp:term":[{"taxonomy":"category","embeddable":true,"href":"https:\/\/pasaenmendoza.com\/index.php?rest_route=%2Fwp%2Fv2%2Fcategories&post=9770"},{"taxonomy":"post_tag","embeddable":true,"href":"https:\/\/pasaenmendoza.com\/index.php?rest_route=%2Fwp%2Fv2%2Ftags&post=9770"}],"curies":[{"name":"wp","href":"https:\/\/api.w.org\/{rel}","templated":true}]}}