{"id":9773,"date":"2024-10-25T19:10:12","date_gmt":"2024-10-25T17:10:12","guid":{"rendered":"https:\/\/pasaenmendoza.com\/?p=9773"},"modified":"2024-10-25T19:10:14","modified_gmt":"2024-10-25T17:10:14","slug":"jose-zuccardi-contrato-a-un-poderoso-abogado-para-apelar-un-fallo-por-us-12-millones","status":"publish","type":"post","link":"https:\/\/pasaenmendoza.com\/?p=9773","title":{"rendered":"Jos\u00e9 Zuccardi contrat\u00f3 a un poderoso abogado para apelar un fallo por U$S 12 millones"},"content":{"rendered":"\n<p>La Suprema Corte de Justicia le neg\u00f3 al empresario\u00a0<strong>Jos\u00e9 Zuccardi<\/strong>\u00a0una posibilidad de acudir a la Corte de la Naci\u00f3n contra el fallo mendocino que lo conden\u00f3 a pagarle 12 millones de d\u00f3lares a Cristina Zuccardi, una de sus hermanas, por el reparto de la\u00a0<strong>herencia<\/strong>\u00a0familiar.<\/p>\n\n\n\n<p>Esta semana, los supremos&nbsp;<strong>Teresa Day, Pedro Llorente y Omar Palermo<\/strong>&nbsp;<strong>rechazaron&nbsp;<\/strong>el&nbsp;<strong>recurso extraordinario federal&nbsp;<\/strong>que el bodeguero&nbsp;<strong>Jos\u00e9 Zuccardi<\/strong>&nbsp;present\u00f3 en la Corte de Mendoza para ir la Corte Nacional en apelaci\u00f3n.<\/p>\n\n\n\n<p>Sin embargo, no todo est\u00e1 perdido para\u00a0<strong>&#8220;Pepe&#8221; Zuccardi<\/strong>, porque todav\u00eda tiene disponible otra v\u00eda -direct\u00edsima- para protestar en Buenos Aires el fallo mendocino adverso: el Recurso de Queja en el m\u00e1ximo tribunal de Justicia de la Naci\u00f3n.<\/p>\n\n\n\n<h2 class=\"wp-block-heading\">Jos\u00e9 Zuccardi contrat\u00f3 a un ex Procurador del Tesoro Nacional para que lo defienda<\/h2>\n\n\n\n<p>De cara a esta nueva etapa procesal, el bodeguero\u00a0<strong>Jos\u00e9 Zuccardi<\/strong>\u00a0contrat\u00f3 a un nuevo abogado. Prestigioso y de peso, de los que se necesitan en un momento como este: crucial. Se trata de\u00a0<strong>Bernardo Saravia Fr\u00edas<\/strong>, quien\u00a0<strong>fue Procurador del Tesoro de la Naci\u00f3n<\/strong>\u00a0desde 2017 hasta 2019, durante la Presidencia de Mauricio Macri.<\/p>\n\n\n\n<p>Saravia Fr\u00edas es especialista en Derecho Constitucional y Derecho Empresario y Bancario.\u00a0<strong>Ha sido cr\u00edtico de la gesti\u00f3n de Javier Milei en varios aspectos<\/strong>, como las postulaciones de\u00a0<strong>Ariel Lijo y Manuel Garc\u00eda Mansilla<\/strong>\u00a0para la Corte Suprema de Justicia de la Naci\u00f3n &#8220;por estar altamente cuestionados&#8221;, dijo.<\/p>\n\n\n\n<p>Sobrada experiencia tiene el letrado\u00a0<strong>Bernardo Saravia Fr\u00edas<\/strong>\u00a0en materia de litigios de alta complejidad en el pa\u00eds y el extranjero. Sobrada capacitaci\u00f3n tambi\u00e9n: en la Universidad de Illinois y Harvard Law School.<\/p>\n\n\n\n<h2 class=\"wp-block-heading\">Jos\u00e9 Zuccardi versus Cristina Zuccardi en los Tribunales<\/h2>\n\n\n\n<p>Hace varios a\u00f1os,&nbsp;<strong>Cristina Zuccardi<\/strong>&nbsp;demand\u00f3 al hermano Pepe en la Justicia Civil por el reparto de&nbsp;<strong>120 millones de d\u00f3lares<\/strong>&nbsp;de la herencia familiar.<\/p>\n\n\n\n<p>El&nbsp;<strong>bodeguero<\/strong>&nbsp;recibi\u00f3&nbsp;<strong>94,7 millones de d\u00f3lares&nbsp;<\/strong>mientras que la ex funcionaria provincial y ex diputada nacional por Mendoza del PJ&nbsp;<strong>recibi\u00f3 7,8 millones de d\u00f3lares<\/strong>, igual que otra hermana de ambos.<\/p>\n\n\n\n<p><strong>Ella perdi\u00f3 el pleito<\/strong>&nbsp;en primera instancia en 2022 en el Tercer Juzgado Civil.<\/p>\n\n\n\n<p>Cristina&nbsp;<strong>Zuccardi&nbsp;<\/strong>apel\u00f3 y en julio de 2024&nbsp;<strong>la Justicia Civil confirm\u00f3 la sentencia en segunda instancia.<\/strong><\/p>\n\n\n\n<p>La segunda apelaci\u00f3n lleg\u00f3 a la Corte de Mendoza, que en agosto \u00faltimo, en fallo un\u00e1nime,&nbsp;<strong>le dio la raz\u00f3n a ella<\/strong>&nbsp;y sentenci\u00f3 al bodeguero Jos\u00e9 Zuccardi a pagarle 12 millones de d\u00f3lares.<\/p>\n\n\n\n<p><strong>La desproporci\u00f3n es notoria y excesiva. Ninguna otra fundamentaci\u00f3n resulta necesaria de s\u00f3lo constatar las diferencias que surgen de los valores en juego. La porci\u00f3n leg\u00edtima de la actora ha sido significativamente vulnerada, por lo que no encuentro raz\u00f3n alguna para rechazar su reclamo (Suprema Corte de Justicia de Mendoza)<\/strong>.<\/p>\n\n\n\n<p><strong>Fuente: www.diariouno.com.ar<\/strong><\/p>\n","protected":false},"excerpt":{"rendered":"<p>La Suprema Corte de Justicia le neg\u00f3 al empresario\u00a0Jos\u00e9 Zuccardi\u00a0una posibilidad de acudir a la Corte de la Naci\u00f3n contra el fallo mendocino que lo conden\u00f3 a pagarle 12 millones de d\u00f3lares a Cristina Zuccardi, una de sus hermanas, por el reparto de la\u00a0herencia\u00a0familiar. Esta semana, los supremos&nbsp;Teresa Day, Pedro Llorente y Omar Palermo&nbsp;rechazaron&nbsp;el&nbsp;recurso extraordinario [&hellip;]<\/p>\n","protected":false},"author":2,"featured_media":9774,"comment_status":"open","ping_status":"open","sticky":false,"template":"","format":"standard","meta":[],"categories":[71],"tags":[],"_links":{"self":[{"href":"https:\/\/pasaenmendoza.com\/index.php?rest_route=\/wp\/v2\/posts\/9773"}],"collection":[{"href":"https:\/\/pasaenmendoza.com\/index.php?rest_route=\/wp\/v2\/posts"}],"about":[{"href":"https:\/\/pasaenmendoza.com\/index.php?rest_route=\/wp\/v2\/types\/post"}],"author":[{"embeddable":true,"href":"https:\/\/pasaenmendoza.com\/index.php?rest_route=\/wp\/v2\/users\/2"}],"replies":[{"embeddable":true,"href":"https:\/\/pasaenmendoza.com\/index.php?rest_route=%2Fwp%2Fv2%2Fcomments&post=9773"}],"version-history":[{"count":1,"href":"https:\/\/pasaenmendoza.com\/index.php?rest_route=\/wp\/v2\/posts\/9773\/revisions"}],"predecessor-version":[{"id":9775,"href":"https:\/\/pasaenmendoza.com\/index.php?rest_route=\/wp\/v2\/posts\/9773\/revisions\/9775"}],"wp:featuredmedia":[{"embeddable":true,"href":"https:\/\/pasaenmendoza.com\/index.php?rest_route=\/wp\/v2\/media\/9774"}],"wp:attachment":[{"href":"https:\/\/pasaenmendoza.com\/index.php?rest_route=%2Fwp%2Fv2%2Fmedia&parent=9773"}],"wp:term":[{"taxonomy":"category","embeddable":true,"href":"https:\/\/pasaenmendoza.com\/index.php?rest_route=%2Fwp%2Fv2%2Fcategories&post=9773"},{"taxonomy":"post_tag","embeddable":true,"href":"https:\/\/pasaenmendoza.com\/index.php?rest_route=%2Fwp%2Fv2%2Ftags&post=9773"}],"curies":[{"name":"wp","href":"https:\/\/api.w.org\/{rel}","templated":true}]}}