{"id":9776,"date":"2024-10-25T19:13:41","date_gmt":"2024-10-25T17:13:41","guid":{"rendered":"https:\/\/pasaenmendoza.com\/?p=9776"},"modified":"2024-10-25T19:13:44","modified_gmt":"2024-10-25T17:13:44","slug":"el-ministro-de-salud-confirmo-que-son-42-los-medicos-del-notti-intoxicados-por-la-bacteria-escherichia-coli","status":"publish","type":"post","link":"https:\/\/pasaenmendoza.com\/?p=9776","title":{"rendered":"El ministro de Salud confirm\u00f3 que son 42 los m\u00e9dicos del Notti intoxicados por la bacteria Escherichia coli"},"content":{"rendered":"\n<p>El<strong>\u00a0ministro de Salud<\/strong>, Rodolfo Montero, confirm\u00f3 este jueves que son\u00a0<strong>42 los m\u00e9dicos intoxicados en el\u00a0hospital Notti\u00a0<\/strong>por la\u00a0<strong>bacteria Escherichia coli.<\/strong>\u00a0Todas estas personas comieron alimentos elaborados en el comedor de este centro asistencial de Guaymall\u00e9n. Adem\u00e1s hay un paciente con los mismos s\u00edntomas que est\u00e1 en estudio.<\/p>\n\n\n\n<p>Hay que aclarar que en la cocina del\u00a0<strong>Notti<\/strong>\u00a0no solo se elabora comida para el hospital, sino que se entregan viandas para el Servicio Coordinado de Emergencia (SEC) de Guaymall\u00e9n, donde tambi\u00e9n hubo m\u00e9dicos intoxicados.<\/p>\n\n\n\n<p>A causa de los s\u00edntomas que presentaron los afectados, hubo tres personas internadas, una de ellas contin\u00faa en el hospital por un cuadro de deshidrataci\u00f3n severo, mientras que un paciente tambi\u00e9n est\u00e1 en observaci\u00f3n para determinar si presenta la misma bacteria.<\/p>\n\n\n\n<h2 class=\"wp-block-heading\">Las intoxicaciones ocurrieron el martes 22<\/h2>\n\n\n\n<p>El martes 22 de octubre, los&nbsp;<strong>m\u00e9dicos del Notti&nbsp;<\/strong>consumieron un<strong>&nbsp;almuerzo&nbsp;<\/strong>que consisti\u00f3 en pollo con papas que fue preparado en la cocina del hospital. Aparentemente, esta fue la comida que provoc\u00f3 la intoxicaci\u00f3n-<\/p>\n\n\n\n<p>Ese d\u00eda, los profesionales comenzaron a experimentar s\u00edntomas como diarreas y v\u00f3mitos y algunos se deshidrataron.<\/p>\n\n\n\n<p>Daniel Gim\u00e9nez, representante de<strong>&nbsp;Ampros<\/strong>, concurri\u00f3 al hospital para interiorizarse de la situaci\u00f3n.<\/p>\n\n\n\n<p>&#8220;Nos hemos reunido con el personal directivo quienes nos explicaron lo que ocurri\u00f3 y nos dieron detalles sobre los m\u00e9dicos intoxicados&#8221;, manifest\u00f3 Gim\u00e9nez, quien adem\u00e1s cont\u00f3 que tambi\u00e9n se est\u00e1 estudiando a un paciente que present\u00f3 s\u00edntomas.<\/p>\n\n\n\n<h2 class=\"wp-block-heading\">Qu\u00e9 es la bacteria Escherichia coli<\/h2>\n\n\n\n<p>Seg\u00fan el protal web Mayo Clinic, la bacteria&nbsp;<strong>Escherichia coli (E. coli)<\/strong>&nbsp;vive en los intestinos de las personas y de los animales sanos. La mayor\u00eda de las variedades de Escherichia coli son inofensivas o causan diarrea breve. Sin embargo, algunas cepas que pueden causar c\u00f3licos abdominales intensos, diarrea con sangre y v\u00f3mitos.<\/p>\n\n\n\n<p>Puedes estar expuesto a la\u00a0<strong>Escherichia coli\u00a0<\/strong>proveniente de agua o de alimentos contaminados, sobre todo de los vegetales crudos y de la carne molida poco cocida. Los adultos sanos suelen recuperarse de la infecci\u00f3n en el plazo de una semana. Los ni\u00f1os peque\u00f1os y los adultos mayores presentan un mayor riesgo de presentar s\u00edntomas m\u00e1s graves.<\/p>\n\n\n\n<p><strong>Fuente: www.diariouno.com.ar<\/strong><\/p>\n","protected":false},"excerpt":{"rendered":"<p>El\u00a0ministro de Salud, Rodolfo Montero, confirm\u00f3 este jueves que son\u00a042 los m\u00e9dicos intoxicados en el\u00a0hospital Notti\u00a0por la\u00a0bacteria Escherichia coli.\u00a0Todas estas personas comieron alimentos elaborados en el comedor de este centro asistencial de Guaymall\u00e9n. Adem\u00e1s hay un paciente con los mismos s\u00edntomas que est\u00e1 en estudio. Hay que aclarar que en la cocina del\u00a0Notti\u00a0no solo se [&hellip;]<\/p>\n","protected":false},"author":2,"featured_media":9777,"comment_status":"open","ping_status":"open","sticky":false,"template":"","format":"standard","meta":[],"categories":[58],"tags":[],"_links":{"self":[{"href":"https:\/\/pasaenmendoza.com\/index.php?rest_route=\/wp\/v2\/posts\/9776"}],"collection":[{"href":"https:\/\/pasaenmendoza.com\/index.php?rest_route=\/wp\/v2\/posts"}],"about":[{"href":"https:\/\/pasaenmendoza.com\/index.php?rest_route=\/wp\/v2\/types\/post"}],"author":[{"embeddable":true,"href":"https:\/\/pasaenmendoza.com\/index.php?rest_route=\/wp\/v2\/users\/2"}],"replies":[{"embeddable":true,"href":"https:\/\/pasaenmendoza.com\/index.php?rest_route=%2Fwp%2Fv2%2Fcomments&post=9776"}],"version-history":[{"count":1,"href":"https:\/\/pasaenmendoza.com\/index.php?rest_route=\/wp\/v2\/posts\/9776\/revisions"}],"predecessor-version":[{"id":9778,"href":"https:\/\/pasaenmendoza.com\/index.php?rest_route=\/wp\/v2\/posts\/9776\/revisions\/9778"}],"wp:featuredmedia":[{"embeddable":true,"href":"https:\/\/pasaenmendoza.com\/index.php?rest_route=\/wp\/v2\/media\/9777"}],"wp:attachment":[{"href":"https:\/\/pasaenmendoza.com\/index.php?rest_route=%2Fwp%2Fv2%2Fmedia&parent=9776"}],"wp:term":[{"taxonomy":"category","embeddable":true,"href":"https:\/\/pasaenmendoza.com\/index.php?rest_route=%2Fwp%2Fv2%2Fcategories&post=9776"},{"taxonomy":"post_tag","embeddable":true,"href":"https:\/\/pasaenmendoza.com\/index.php?rest_route=%2Fwp%2Fv2%2Ftags&post=9776"}],"curies":[{"name":"wp","href":"https:\/\/api.w.org\/{rel}","templated":true}]}}