{"id":9779,"date":"2024-10-25T19:22:13","date_gmt":"2024-10-25T17:22:13","guid":{"rendered":"https:\/\/pasaenmendoza.com\/?p=9779"},"modified":"2024-10-25T19:22:16","modified_gmt":"2024-10-25T17:22:16","slug":"mendocinos-reclamaron-falta-de-pasajes-de-larga-distancia-para-discapacitados-y-la-nacion-fue-a-la-justicia","status":"publish","type":"post","link":"https:\/\/pasaenmendoza.com\/?p=9779","title":{"rendered":"Mendocinos reclamaron falta de pasajes de larga distancia para discapacitados y la Naci\u00f3n fue a la Justicia"},"content":{"rendered":"\n<p>A partir del lunes 7 de octubre, fecha en que comenz\u00f3 a regir el decreto de<strong>\u00a0desregulaci\u00f3n del\u00a0transporte p\u00fablico<\/strong>, las empresas de media y larga distancia dejaron de entregar\u00a0<strong>pasajes gratuitos<\/strong>\u00a0a\u00a0<strong>personas con discapacidad<\/strong>, ampar\u00e1ndose en que no est\u00e1n obligadas a hacerlo porque ya no son consideradas un servicio p\u00fablico. La Comisi\u00f3n Nacional de Regulaci\u00f3n del Transporte (CNRT) present\u00f3 una\u00a0<strong>cautelar\u00a0<\/strong>contra esa decisi\u00f3n.<\/p>\n\n\n\n<p>Esta situaci\u00f3n, que ocurre en todo el pa\u00eds, tambi\u00e9n est\u00e1 sucediendo en\u00a0<strong>Mendoza<\/strong>, tal y como lo confirm\u00f3 el coordinador interino de la CNRT,\u00a0<strong>Gabriel Robert<\/strong>, quien asever\u00f3 que ya han recibido denuncias de mendocinos con<strong>\u00a0discapacidad<\/strong>\u00a0que a pesar de buscarlos, no consiguen<strong>\u00a0pasajes gratuitos\u00a0<\/strong>en las l\u00edneas de media y larga distancia.<\/p>\n\n\n\n<p>Ante esta realidad, por instrucci\u00f3n de la Secretar\u00eda de\u00a0<strong>Transporte\u00a0<\/strong>del Ministerio de Econom\u00eda se present\u00f3 una cautelar para que la Justicia ordene a la C\u00e1mara Empresaria de Transporte Interurbano en Jurisdicci\u00f3n Nacional de Pasajeros (CELADI) que\u00a0<strong>revea su incumplimiento\u00a0<\/strong>al sistema de protecci\u00f3n integral de las personas con discapacidad.<\/p>\n\n\n\n<h2 class=\"wp-block-heading\">Qu\u00e9 es lo que dice el decreto de desregulaci\u00f3n del transporte p\u00fablico<\/h2>\n\n\n\n<p>El decreto en el que se basan las empresas de transporte es el 883\/23, que implementa la&nbsp;<strong>total desregulaci\u00f3n&nbsp;<\/strong>del transporte interjurisdiccional de pasajeros. Hasta el momento, el servicio de transporte se divid\u00eda entre Transporte de&nbsp;<strong>Pasajeros Tur\u00edstico (libre) y el Transporte de Pasajeros local e interjurisdiccional (regulado).<\/strong><\/p>\n\n\n\n<p>Despu\u00e9s de la publicaci\u00f3n del decreto,<strong>&nbsp;todo el transporte se considera &#8220;libre&#8221;<\/strong>, excepto un peque\u00f1o sector del transporte urbano local de pasajeros, que es el que se regula.<\/p>\n\n\n\n<p>Este es el fundamento de las&nbsp;<strong>empresas de larga distancia&nbsp;<\/strong>para no otorgar los cuatro pasajes gratis para personas con discapacidad y sus acompa\u00f1antes.<\/p>\n\n\n\n<p>Sin embargo, la garant\u00eda de estos pasajes liberados est\u00e1 determinada en el art\u00edculo 22 de la Ley 22.431 (conocida como Ley de Discapacidad) y esta no ha sido derogada, por lo tanto, debe cumplirse. As\u00ed lo manifestaron desde la Defensor\u00eda de las<strong>\u00a0Personas con Discapacidad.<\/strong><\/p>\n\n\n\n<h2 class=\"wp-block-heading\">La CNRT ya puso m\u00e1s de 300 sanciones a las empresas que no cumplen con la Ley de Discapacidad<\/h2>\n\n\n\n<p>En un comunicado oficial, este viernes la Naci\u00f3n inform\u00f3 que la CNRT se present\u00f3 ante la Justicia para pedir una cautelar con el fin de que las&nbsp;<strong>empresas de transporte<\/strong>&nbsp;cumplan con lo que establece en la Ley de Discapacidad, y que, seg\u00fan su an\u00e1lisis, no se ve afectada por el decreto de desregulaci\u00f3n del servicio.<\/p>\n\n\n\n<p>Ante el incumplimiento de algunas firmas, detall\u00f3 que ya hubo&nbsp;<strong>m\u00e1s de 350 sanciones y 1.000 intimaciones<\/strong>&nbsp;a las empresas, entre las que hay mendocinas.<\/p>\n\n\n\n<p>&#8220;El&nbsp;<strong>derecho de las personas con discapacidad a viajar de forma gratuita&nbsp;<\/strong>en transporte de media y larga distancia sigue vigente y no fue modificado con la desregulaci\u00f3n del transporte automotor&#8221;, dijeron desde la Secretar\u00eda de Transporte.<\/p>\n\n\n\n<p>&#8220;Desde el Gobierno Nacional se seguir\u00e1 velando por ese derecho y se controlar\u00e1 que se cumpla la obligaci\u00f3n que tienen las empresas de ofrecer esos servicios&#8221;, cerr\u00f3 la advertencia.<\/p>\n\n\n\n<p>El punto es que las empresas de transporte se pierden de vender unos 100.000 pasajes por mes, que equivalen a 3.500 millones de pesos y este es el motivo principal por el que\u00a0<strong>han decidido ampararse en la interpretaci\u00f3n del nuevo decreto<\/strong>.<\/p>\n\n\n\n<p>Hay que recordar que&nbsp;<strong>son 4 los asientos que deben tener liberados en cada viaje<\/strong>, que pueden ser ocupados por personas con discapacidad y por un acompa\u00f1ante.<\/p>\n\n\n\n<p>En Mendoza,\u00a0Mauricio Badaloni de Andesmar, hab\u00eda advertido sobre la postura de las empresas\u00a0apenas se conoci\u00f3 el decreto nacional. &#8220;Si nos atenemos a la letra del decreto, est\u00e1 derogado&#8221;, dec\u00eda. Ahora, la palabra la tiene la Justicia.<\/p>\n\n\n\n<p><strong>Fuente: www.diariouno.com.ar<\/strong><\/p>\n","protected":false},"excerpt":{"rendered":"<p>A partir del lunes 7 de octubre, fecha en que comenz\u00f3 a regir el decreto de\u00a0desregulaci\u00f3n del\u00a0transporte p\u00fablico, las empresas de media y larga distancia dejaron de entregar\u00a0pasajes gratuitos\u00a0a\u00a0personas con discapacidad, ampar\u00e1ndose en que no est\u00e1n obligadas a hacerlo porque ya no son consideradas un servicio p\u00fablico. La Comisi\u00f3n Nacional de Regulaci\u00f3n del Transporte (CNRT) [&hellip;]<\/p>\n","protected":false},"author":2,"featured_media":9780,"comment_status":"open","ping_status":"open","sticky":false,"template":"","format":"standard","meta":[],"categories":[50],"tags":[],"_links":{"self":[{"href":"https:\/\/pasaenmendoza.com\/index.php?rest_route=\/wp\/v2\/posts\/9779"}],"collection":[{"href":"https:\/\/pasaenmendoza.com\/index.php?rest_route=\/wp\/v2\/posts"}],"about":[{"href":"https:\/\/pasaenmendoza.com\/index.php?rest_route=\/wp\/v2\/types\/post"}],"author":[{"embeddable":true,"href":"https:\/\/pasaenmendoza.com\/index.php?rest_route=\/wp\/v2\/users\/2"}],"replies":[{"embeddable":true,"href":"https:\/\/pasaenmendoza.com\/index.php?rest_route=%2Fwp%2Fv2%2Fcomments&post=9779"}],"version-history":[{"count":1,"href":"https:\/\/pasaenmendoza.com\/index.php?rest_route=\/wp\/v2\/posts\/9779\/revisions"}],"predecessor-version":[{"id":9781,"href":"https:\/\/pasaenmendoza.com\/index.php?rest_route=\/wp\/v2\/posts\/9779\/revisions\/9781"}],"wp:featuredmedia":[{"embeddable":true,"href":"https:\/\/pasaenmendoza.com\/index.php?rest_route=\/wp\/v2\/media\/9780"}],"wp:attachment":[{"href":"https:\/\/pasaenmendoza.com\/index.php?rest_route=%2Fwp%2Fv2%2Fmedia&parent=9779"}],"wp:term":[{"taxonomy":"category","embeddable":true,"href":"https:\/\/pasaenmendoza.com\/index.php?rest_route=%2Fwp%2Fv2%2Fcategories&post=9779"},{"taxonomy":"post_tag","embeddable":true,"href":"https:\/\/pasaenmendoza.com\/index.php?rest_route=%2Fwp%2Fv2%2Ftags&post=9779"}],"curies":[{"name":"wp","href":"https:\/\/api.w.org\/{rel}","templated":true}]}}