{"id":9782,"date":"2024-10-25T19:26:39","date_gmt":"2024-10-25T17:26:39","guid":{"rendered":"https:\/\/pasaenmendoza.com\/?p=9782"},"modified":"2024-10-25T19:39:14","modified_gmt":"2024-10-25T17:39:14","slug":"que-indican-las-resoluciones-que-piden-revisar-la-cesion-de-tierras-a-autopercibidos-mapuches-en-mendoza","status":"publish","type":"post","link":"https:\/\/pasaenmendoza.com\/?p=9782","title":{"rendered":"Qu\u00e9 indican las resoluciones que piden revisar la cesi\u00f3n de tierras a autopercibidos mapuches en Mendoza"},"content":{"rendered":"\n<p>El<strong>&nbsp;Instituto Nacional de Asuntos Ind\u00edgenas (INAI)<\/strong>&nbsp;public\u00f3 este viernes tres resoluciones en el&nbsp;<strong>Bolet\u00edn Oficial<\/strong>&nbsp;en la que pide&nbsp;revisar la cesi\u00f3n de tierras a tres&nbsp;<strong>comunidades autopercibidas mapuches<\/strong>&nbsp;en los departamentos de Malarg\u00fce y San Rafael.<\/p>\n\n\n\n<p>En concreto,<strong>&nbsp;el organismo hizo lugar a reclamos realizados por la provincia en la cesi\u00f3n de m\u00e1s de 21 mil hect\u00e1reas a la Comunidad Ind\u00edgena Lof El Sosneado en San Rafael, y otras 4 mil a las comunidades Lof Limay Kurre y el Lof Suyay Levfv, ubicadas en Los Molles.<\/strong><\/p>\n\n\n\n<p>Estas novedades se conocieron a trav\u00e9s de las resoluciones 79,80 y 81 del organismo rector de asuntos ind\u00edgenas.<\/p>\n\n\n\n<p>En respuesta, el gobernador Alfredo Cornejo celebr\u00f3 la decisi\u00f3n a trav\u00e9s de la red social X. \u201cSostenemos que esas pretendidas comunidades no son tales, que los relevamientos se hicieron de manera irregular y sin participaci\u00f3n de Mendoza y, peor a\u00fan, desconociendo fallos de la Justicia Provincial que ha ordenado el desalojo de quienes se arrogan propiedad comunitaria\u201d, expres\u00f3.<\/p>\n\n\n\n<h2 class=\"wp-block-heading\" id=\"h-que-indico-la-decision-de-la-inai\">Qu\u00e9 indic\u00f3 la decisi\u00f3n de la INAI<\/h2>\n\n\n\n<p>All\u00ed se hizo lugar a reclamos que hab\u00eda interpuesto la provincia, en la cual se argumenta que el proceso vulnera su autonom\u00eda y cuestiona la constitucionalidad de la pr\u00f3rroga de la Ley 26.160. Mendoza denuncia que el relevamiento fue realizado sin su participaci\u00f3n efectiva, contraviniendo acuerdos previos entre el INAI y la provincia para un trabajo coordinado en estos procesos.<\/p>\n\n\n\n<p>Por otra parte, tambi\u00e9n se\u00f1ala que el INAI valid\u00f3 arbitrariamente la existencia de la comunidad sin la personer\u00eda jur\u00eddica debidamente registrada.<\/p>\n\n\n\n<p>Vale recordar que esta cesi\u00f3n de tierras se dieron durante el \u00faltimo a\u00f1o de gobierno de Alberto Fern\u00e1ndez, situaci\u00f3n que produjo mucho malestar en la provincia.<\/p>\n\n\n\n<h2 class=\"wp-block-heading\" id=\"h-las-resoluciones\">Las resoluciones:<\/h2>\n\n\n\n<p><object data=\"https:\/\/newspack-elsol.s3.amazonaws.com\/wp-content\/uploads\/2024\/10\/aviso_316067-1.pdf\" type=\"application\/pdf\"><\/object><\/p>\n\n\n\n<p><object data=\"https:\/\/newspack-elsol.s3.amazonaws.com\/wp-content\/uploads\/2024\/10\/aviso_316068.pdf\" type=\"application\/pdf\"><\/object><\/p>\n\n\n\n<p><object data=\"https:\/\/newspack-elsol.s3.amazonaws.com\/wp-content\/uploads\/2024\/10\/aviso_316069.pdf\" type=\"application\/pdf\"><\/object><\/p>\n\n\n\n<p><strong>Fuente: www.elsol.com.ar<\/strong><\/p>\n","protected":false},"excerpt":{"rendered":"<p>El&nbsp;Instituto Nacional de Asuntos Ind\u00edgenas (INAI)&nbsp;public\u00f3 este viernes tres resoluciones en el&nbsp;Bolet\u00edn Oficial&nbsp;en la que pide&nbsp;revisar la cesi\u00f3n de tierras a tres&nbsp;comunidades autopercibidas mapuches&nbsp;en los departamentos de Malarg\u00fce y San Rafael. En concreto,&nbsp;el organismo hizo lugar a reclamos realizados por la provincia en la cesi\u00f3n de m\u00e1s de 21 mil hect\u00e1reas a la Comunidad Ind\u00edgena [&hellip;]<\/p>\n","protected":false},"author":2,"featured_media":9783,"comment_status":"open","ping_status":"open","sticky":false,"template":"","format":"standard","meta":[],"categories":[50],"tags":[],"_links":{"self":[{"href":"https:\/\/pasaenmendoza.com\/index.php?rest_route=\/wp\/v2\/posts\/9782"}],"collection":[{"href":"https:\/\/pasaenmendoza.com\/index.php?rest_route=\/wp\/v2\/posts"}],"about":[{"href":"https:\/\/pasaenmendoza.com\/index.php?rest_route=\/wp\/v2\/types\/post"}],"author":[{"embeddable":true,"href":"https:\/\/pasaenmendoza.com\/index.php?rest_route=\/wp\/v2\/users\/2"}],"replies":[{"embeddable":true,"href":"https:\/\/pasaenmendoza.com\/index.php?rest_route=%2Fwp%2Fv2%2Fcomments&post=9782"}],"version-history":[{"count":2,"href":"https:\/\/pasaenmendoza.com\/index.php?rest_route=\/wp\/v2\/posts\/9782\/revisions"}],"predecessor-version":[{"id":9793,"href":"https:\/\/pasaenmendoza.com\/index.php?rest_route=\/wp\/v2\/posts\/9782\/revisions\/9793"}],"wp:featuredmedia":[{"embeddable":true,"href":"https:\/\/pasaenmendoza.com\/index.php?rest_route=\/wp\/v2\/media\/9783"}],"wp:attachment":[{"href":"https:\/\/pasaenmendoza.com\/index.php?rest_route=%2Fwp%2Fv2%2Fmedia&parent=9782"}],"wp:term":[{"taxonomy":"category","embeddable":true,"href":"https:\/\/pasaenmendoza.com\/index.php?rest_route=%2Fwp%2Fv2%2Fcategories&post=9782"},{"taxonomy":"post_tag","embeddable":true,"href":"https:\/\/pasaenmendoza.com\/index.php?rest_route=%2Fwp%2Fv2%2Ftags&post=9782"}],"curies":[{"name":"wp","href":"https:\/\/api.w.org\/{rel}","templated":true}]}}