{"id":9785,"date":"2024-10-25T19:34:31","date_gmt":"2024-10-25T17:34:31","guid":{"rendered":"https:\/\/pasaenmendoza.com\/?p=9785"},"modified":"2024-10-25T19:35:35","modified_gmt":"2024-10-25T17:35:35","slug":"las-heras-como-funcionara-el-polo-que-busca-contener-la-salud-mental-de-los-adolescentes","status":"publish","type":"post","link":"https:\/\/pasaenmendoza.com\/?p=9785","title":{"rendered":"Las Heras: c\u00f3mo funcionar\u00e1 el polo que busca contener la salud mental de los adolescentes"},"content":{"rendered":"\n<p>A dos meses del traslado de la Neo del&nbsp;<strong>hospital Ram\u00f3n Carrillo&nbsp;<\/strong>al Lagomaggiore, las autoridades sanitarias avanzan en la creaci\u00f3n de un&nbsp;<strong>polo de salud mental<\/strong>&nbsp;con el que se busca contener de manera interdisciplinaria a los j\u00f3venes que atraviesan distintos tipos de dificultades.<\/p>\n\n\n\n<p>\u201cSi bien en el Carrillo ya se viene realizando un abordaje interesante, la idea es descomprimir la atenci\u00f3n y ampliar el servicio, tanto con recurso humano como edilicio. El objetivo es\u00a0<strong>modificar el \u00e1rea de internaci\u00f3n<\/strong>\u00a0que hoy cuenta con 4 camas y llevarlo a 10 unidades\u201d, cont\u00f3\u00a0<strong>Jorge P\u00e9rez<\/strong>, director de Hospitales de Mendoza.<\/p>\n\n\n\n<p>El proyecto de ampliaci\u00f3n ya est\u00e1 en marcha,&nbsp;<strong>se estima que a mediados del 2025 se pondr\u00e1 en funcionamiento<\/strong>&nbsp;y no se trata s\u00f3lo de incorporar camas al servicio, sino sumar espacios sectorizados con profesionales especializados, incluyendo enfermer\u00eda.<\/p>\n\n\n\n<h2 class=\"wp-block-heading\" id=\"h-asi-sera-el-abordaje\">As\u00ed ser\u00e1 el abordaje<\/h2>\n\n\n\n<p>Siguiendo la l\u00ednea de trabajo que ya se viene dando en el nosocomio de Las Heras, la finalidad es\u201ddar aire\u201d a otros centros de atenci\u00f3n, sobre todo, en lo que respecta al abordaje primario.<\/p>\n\n\n\n<p>Para ello, se ha pensado en un trabajo interdisciplinario. \u201cNo se trata s\u00f3lo de agregar m\u00e1s camas de internaci\u00f3n, sino que buscamos un abordaje asistencia en conjunto, realizado por profesionales de diferentes \u00e1reas como psiquiatr\u00eda, psicolog\u00eda, trabajadores sociales, entre otras\u201d, expres<strong>\u00f3 Manuel Vilapri\u00f1o<\/strong>, director de Salud Mental y Consumos Problem\u00e1ticos de Mendoza.<\/p>\n\n\n\n<p>Son<strong>&nbsp;tratamientos interdisciplinarios<\/strong>&nbsp;que van m\u00e1s all\u00e1 de la biolog\u00eda y que incluyen la parte psicol\u00f3gica, los h\u00e1bitos de vida y lo que le pasa al sujeto: \u201cTiene que haber un equilibrio. Si no hay un equilibrio, dif\u00edcilmente se pueda observar un concepto de salud mental en las personas\u201d, dijo el especialista.<\/p>\n\n\n\n<p>Si bien la mayor\u00eda de los tratamientos son ambulatorios, hay casos en los que se requiere la internaci\u00f3n por el nivel de la problem\u00e1tica y es all\u00ed, en ese tercer nivel de atenci\u00f3n, en los que se quiere reforzar al Carrillo.<\/p>\n\n\n\n<p>En la actualidad, las patolog\u00edas que requieren internaci\u00f3n son varias y van desde problem\u00e1ticas adictivas hasta cuadros depresivos.<\/p>\n\n\n\n<p>\u201cNos encontramos con chicos con conductas autoagresivas,&nbsp; trastornos conductuales en general, trastornos de ansiedad muy severos&nbsp;&nbsp;y, por supuesto, las comorbilidades, es decir, la combinaci\u00f3n de los cuadros.&nbsp;En esos casos s\u00ed se requiere la internaci\u00f3n y para eso se est\u00e1 avanzando en este proyecto\u201d, cont\u00f3 Vilapri\u00f1o.<\/p>\n\n\n\n<p>Asimismo, el especialista aclar\u00f3 que \u201cla internaci\u00f3n no se considera solamente cuando existe riesgo para s\u00ed o para un tercero,&nbsp;sino cuando es necesario tambi\u00e9n actuar sobre aspectos que hagan al diagn\u00f3stico y al abordaje terap\u00e9utico.&nbsp;El criterio de internaci\u00f3n es mucho m\u00e1s abierto y se emplea tambi\u00e9n en casos agudos que no pueden ser abordados de manera ambulatoria\u201d.<\/p>\n\n\n\n<h2 class=\"wp-block-heading\" id=\"h-que-impacto-tendra-este-polo-de-salud-mental\">\u00bfQu\u00e9 impacto tendr\u00e1 este polo de salud mental?<\/h2>\n\n\n\n<p>La creaci\u00f3n de un polo de salud mental para adolescentes en Mendoza tiene implicaciones significativas y positivas tanto para los j\u00f3venes como para la comunidad en general.<\/p>\n\n\n\n<p>Al ofrecerse un tratamiento integral que aborda no s\u00f3lo los aspectos biol\u00f3gicos, sino tambi\u00e9n los psicol\u00f3gicos y sociales, permitir\u00e1 una recuperaci\u00f3n m\u00e1s completa y duradera.<\/p>\n\n\n\n<p><strong>Fuente: www.elsol.com.ar<\/strong><\/p>\n","protected":false},"excerpt":{"rendered":"<p>A dos meses del traslado de la Neo del&nbsp;hospital Ram\u00f3n Carrillo&nbsp;al Lagomaggiore, las autoridades sanitarias avanzan en la creaci\u00f3n de un&nbsp;polo de salud mental&nbsp;con el que se busca contener de manera interdisciplinaria a los j\u00f3venes que atraviesan distintos tipos de dificultades. \u201cSi bien en el Carrillo ya se viene realizando un abordaje interesante, la idea [&hellip;]<\/p>\n","protected":false},"author":2,"featured_media":9786,"comment_status":"open","ping_status":"open","sticky":false,"template":"","format":"standard","meta":[],"categories":[58],"tags":[],"_links":{"self":[{"href":"https:\/\/pasaenmendoza.com\/index.php?rest_route=\/wp\/v2\/posts\/9785"}],"collection":[{"href":"https:\/\/pasaenmendoza.com\/index.php?rest_route=\/wp\/v2\/posts"}],"about":[{"href":"https:\/\/pasaenmendoza.com\/index.php?rest_route=\/wp\/v2\/types\/post"}],"author":[{"embeddable":true,"href":"https:\/\/pasaenmendoza.com\/index.php?rest_route=\/wp\/v2\/users\/2"}],"replies":[{"embeddable":true,"href":"https:\/\/pasaenmendoza.com\/index.php?rest_route=%2Fwp%2Fv2%2Fcomments&post=9785"}],"version-history":[{"count":2,"href":"https:\/\/pasaenmendoza.com\/index.php?rest_route=\/wp\/v2\/posts\/9785\/revisions"}],"predecessor-version":[{"id":9788,"href":"https:\/\/pasaenmendoza.com\/index.php?rest_route=\/wp\/v2\/posts\/9785\/revisions\/9788"}],"wp:featuredmedia":[{"embeddable":true,"href":"https:\/\/pasaenmendoza.com\/index.php?rest_route=\/wp\/v2\/media\/9786"}],"wp:attachment":[{"href":"https:\/\/pasaenmendoza.com\/index.php?rest_route=%2Fwp%2Fv2%2Fmedia&parent=9785"}],"wp:term":[{"taxonomy":"category","embeddable":true,"href":"https:\/\/pasaenmendoza.com\/index.php?rest_route=%2Fwp%2Fv2%2Fcategories&post=9785"},{"taxonomy":"post_tag","embeddable":true,"href":"https:\/\/pasaenmendoza.com\/index.php?rest_route=%2Fwp%2Fv2%2Ftags&post=9785"}],"curies":[{"name":"wp","href":"https:\/\/api.w.org\/{rel}","templated":true}]}}