{"id":9789,"date":"2024-10-25T19:37:52","date_gmt":"2024-10-25T17:37:52","guid":{"rendered":"https:\/\/pasaenmendoza.com\/?p=9789"},"modified":"2024-10-25T19:38:31","modified_gmt":"2024-10-25T17:38:31","slug":"el-gobierno-adjudico-la-renovacion-del-sistema-tetra-por-una-millonaria-cifra","status":"publish","type":"post","link":"https:\/\/pasaenmendoza.com\/?p=9789","title":{"rendered":"El Gobierno adjudic\u00f3 la renovaci\u00f3n del sistema Tetra por una millonaria cifra"},"content":{"rendered":"\n<p>El Gobierno confirm\u00f3 este viernes que&nbsp;<strong>adjudic\u00f3&nbsp;<\/strong>los trabajos de renovaci\u00f3n del&nbsp;<strong>sistema de comunicaciones Tetra<\/strong>&nbsp;por un monto cercano a los 5.000 millones de pesos.<\/p>\n\n\n\n<p>La empresa que se qued\u00f3 con la licitaci\u00f3n es<strong>&nbsp;Intema Comunicaciones SA<\/strong>, compa\u00f1\u00eda que ya brinda servicios en la provincia.<strong>&nbsp;De hecho, este a\u00f1o se inaugur\u00f3 en el Sur provincial la ampliaci\u00f3n de la red a Valle Grande, San Rafael.<\/strong><\/p>\n\n\n\n<p><object data=\"https:\/\/newspack-elsol.s3.amazonaws.com\/wp-content\/uploads\/2024\/10\/pedido_258632_23102024.pdf\" type=\"application\/pdf\"><\/object><\/p>\n\n\n\n<p>Seg\u00fan explica el decreto 2120 del Ministerio de Seguridad y Justicia publicado este viernes en el Bolet\u00edn Oficial, la inversi\u00f3n que realizar\u00e1 la provincia es de poco m\u00e1s de $4.981 millones.<\/p>\n\n\n\n<p>La red Tetra&nbsp;<strong>es&nbsp;la plataforma de comunicaciones inal\u00e1mbrica que integra todas las fuerzas de seguridad y emergencia, como Polic\u00eda, Bomberos, SEC, Defensa Civil, municipalidades, Vialidad y Metrotranv\u00eda.<\/strong><\/p>\n\n\n\n<p>Se encuentra disponible de manera continua las 24 horas, los 365 d\u00edas del a\u00f1o. Cuenta con cobertura de comunicaci\u00f3n tanto en zonas urbanas como rural, y la combinaci\u00f3n, en determinados lugares, con el sistema de comunicaci\u00f3n anal\u00f3gica VHF.<\/p>\n\n\n\n<p><strong>Fuente: www.elsol.com.ar<\/strong><\/p>\n","protected":false},"excerpt":{"rendered":"<p>El Gobierno confirm\u00f3 este viernes que&nbsp;adjudic\u00f3&nbsp;los trabajos de renovaci\u00f3n del&nbsp;sistema de comunicaciones Tetra&nbsp;por un monto cercano a los 5.000 millones de pesos. La empresa que se qued\u00f3 con la licitaci\u00f3n es&nbsp;Intema Comunicaciones SA, compa\u00f1\u00eda que ya brinda servicios en la provincia.&nbsp;De hecho, este a\u00f1o se inaugur\u00f3 en el Sur provincial la ampliaci\u00f3n de la red [&hellip;]<\/p>\n","protected":false},"author":2,"featured_media":9790,"comment_status":"open","ping_status":"open","sticky":false,"template":"","format":"standard","meta":[],"categories":[111],"tags":[],"_links":{"self":[{"href":"https:\/\/pasaenmendoza.com\/index.php?rest_route=\/wp\/v2\/posts\/9789"}],"collection":[{"href":"https:\/\/pasaenmendoza.com\/index.php?rest_route=\/wp\/v2\/posts"}],"about":[{"href":"https:\/\/pasaenmendoza.com\/index.php?rest_route=\/wp\/v2\/types\/post"}],"author":[{"embeddable":true,"href":"https:\/\/pasaenmendoza.com\/index.php?rest_route=\/wp\/v2\/users\/2"}],"replies":[{"embeddable":true,"href":"https:\/\/pasaenmendoza.com\/index.php?rest_route=%2Fwp%2Fv2%2Fcomments&post=9789"}],"version-history":[{"count":2,"href":"https:\/\/pasaenmendoza.com\/index.php?rest_route=\/wp\/v2\/posts\/9789\/revisions"}],"predecessor-version":[{"id":9792,"href":"https:\/\/pasaenmendoza.com\/index.php?rest_route=\/wp\/v2\/posts\/9789\/revisions\/9792"}],"wp:featuredmedia":[{"embeddable":true,"href":"https:\/\/pasaenmendoza.com\/index.php?rest_route=\/wp\/v2\/media\/9790"}],"wp:attachment":[{"href":"https:\/\/pasaenmendoza.com\/index.php?rest_route=%2Fwp%2Fv2%2Fmedia&parent=9789"}],"wp:term":[{"taxonomy":"category","embeddable":true,"href":"https:\/\/pasaenmendoza.com\/index.php?rest_route=%2Fwp%2Fv2%2Fcategories&post=9789"},{"taxonomy":"post_tag","embeddable":true,"href":"https:\/\/pasaenmendoza.com\/index.php?rest_route=%2Fwp%2Fv2%2Ftags&post=9789"}],"curies":[{"name":"wp","href":"https:\/\/api.w.org\/{rel}","templated":true}]}}