{"id":9794,"date":"2024-10-25T19:41:33","date_gmt":"2024-10-25T17:41:33","guid":{"rendered":"https:\/\/pasaenmendoza.com\/?p=9794"},"modified":"2024-10-25T19:41:35","modified_gmt":"2024-10-25T17:41:35","slug":"colapso-en-el-paso-cristo-redentor-siete-kilometros-de-fila-quejas-y-demoras","status":"publish","type":"post","link":"https:\/\/pasaenmendoza.com\/?p=9794","title":{"rendered":"Colapso en el Paso Cristo Redentor: siete kil\u00f3metros de fila, quejas y demoras"},"content":{"rendered":"\n<p>Desde las 2:30 de la madrugada de este viernes 25 de octubre, el\u00a0<strong>Paso a Chile<\/strong>\u00a0colaps\u00f3\u00a0en el Complejo Los Libertadores por una larga fila de camiones que lleg\u00f3 a ser de 7 kil\u00f3metros. A esa larga fila se sum\u00f3 un importante n\u00famero de veh\u00edculos particulares.\u00a0<\/p>\n\n\n\n<p>Los veh\u00edculos particulares, en el intento de liberarse de quedar entre las cargas pesadas comenzaron a realizar maniobras peligrosas, circulando en sentido contrario y encontr\u00e1ndose de frente con la circulaci\u00f3n de camiones que sal\u00edan del \u00c1rea de Control Integrado (ACI), en direcci\u00f3n hacia Chile.<\/p>\n\n\n\n<p>El caos en el\u00a0<strong>Paso Internacional Cristo Redentor<\/strong>\u00a0se gener\u00f3 en ambos sentidos, desde Chile a Argentina y viceversa, en el ingreso al ACI y tambi\u00e9n al Complejo Los Libertadores. Tras varios llamados al\u00a0911, las autoridades comenzaron a realizar un operativo para evacuar\u00a0los veh\u00edculos livianos con todas las medidas de seguridad.<\/p>\n\n\n\n<p>Las misma situaci\u00f3n se repiti\u00f3&nbsp;en la&nbsp;<strong>Ruta 7&nbsp;<\/strong>a la altura del peaje de Las Cuevas por la presencia de camiones en todo el camino. Debido al&nbsp;<strong>colapso&nbsp;<\/strong>en el Complejo Los Libertadores del Paso Cristo Redentor, las largas filas de cambiones llegaron hasta esa zona.&nbsp;<\/p>\n\n\n\n<p>Ante la situaci\u00f3n el personal de Gendarmer\u00eda\u00a0Nacional realiz\u00f3 los\u00a0trabajos para descomprimir los sectores complicados, logrando normalizar la situaci\u00f3n de\u00a0<strong>colapso\u00a0<\/strong>en el\u00a0<strong>Paso a Chile<\/strong>\u00a0durante las primeras horas de la ma\u00f1ana. Los Libertadores, Horcones y A.C.I. Uspallata se encuentran trabajando con normalidad, con\u00a0importante movimiento de veh\u00edculos particulares hacia Chile y buen tiempo en alta monta\u00f1a.<\/p>\n\n\n\n<p><strong>Fuente: www.mdzol.com<\/strong><\/p>\n","protected":false},"excerpt":{"rendered":"<p>Desde las 2:30 de la madrugada de este viernes 25 de octubre, el\u00a0Paso a Chile\u00a0colaps\u00f3\u00a0en el Complejo Los Libertadores por una larga fila de camiones que lleg\u00f3 a ser de 7 kil\u00f3metros. A esa larga fila se sum\u00f3 un importante n\u00famero de veh\u00edculos particulares.\u00a0 Los veh\u00edculos particulares, en el intento de liberarse de quedar entre [&hellip;]<\/p>\n","protected":false},"author":2,"featured_media":9795,"comment_status":"open","ping_status":"open","sticky":false,"template":"","format":"standard","meta":[],"categories":[66],"tags":[],"_links":{"self":[{"href":"https:\/\/pasaenmendoza.com\/index.php?rest_route=\/wp\/v2\/posts\/9794"}],"collection":[{"href":"https:\/\/pasaenmendoza.com\/index.php?rest_route=\/wp\/v2\/posts"}],"about":[{"href":"https:\/\/pasaenmendoza.com\/index.php?rest_route=\/wp\/v2\/types\/post"}],"author":[{"embeddable":true,"href":"https:\/\/pasaenmendoza.com\/index.php?rest_route=\/wp\/v2\/users\/2"}],"replies":[{"embeddable":true,"href":"https:\/\/pasaenmendoza.com\/index.php?rest_route=%2Fwp%2Fv2%2Fcomments&post=9794"}],"version-history":[{"count":1,"href":"https:\/\/pasaenmendoza.com\/index.php?rest_route=\/wp\/v2\/posts\/9794\/revisions"}],"predecessor-version":[{"id":9796,"href":"https:\/\/pasaenmendoza.com\/index.php?rest_route=\/wp\/v2\/posts\/9794\/revisions\/9796"}],"wp:featuredmedia":[{"embeddable":true,"href":"https:\/\/pasaenmendoza.com\/index.php?rest_route=\/wp\/v2\/media\/9795"}],"wp:attachment":[{"href":"https:\/\/pasaenmendoza.com\/index.php?rest_route=%2Fwp%2Fv2%2Fmedia&parent=9794"}],"wp:term":[{"taxonomy":"category","embeddable":true,"href":"https:\/\/pasaenmendoza.com\/index.php?rest_route=%2Fwp%2Fv2%2Fcategories&post=9794"},{"taxonomy":"post_tag","embeddable":true,"href":"https:\/\/pasaenmendoza.com\/index.php?rest_route=%2Fwp%2Fv2%2Ftags&post=9794"}],"curies":[{"name":"wp","href":"https:\/\/api.w.org\/{rel}","templated":true}]}}