{"id":980,"date":"2023-08-28T15:51:37","date_gmt":"2023-08-28T13:51:37","guid":{"rendered":"https:\/\/pasaenmendoza.com\/?p=980"},"modified":"2023-08-28T15:51:38","modified_gmt":"2023-08-28T13:51:38","slug":"los-atraparon-robando-cables-de-fibra-optica-en-guaymallen","status":"publish","type":"post","link":"https:\/\/pasaenmendoza.com\/?p=980","title":{"rendered":"Los atraparon robando cables de fibra \u00f3ptica en Guaymall\u00e9n"},"content":{"rendered":"\n<p>Dos j\u00f3venes fueron detenidos la noche del domingo por el robo de cables de fibra \u00f3ptica en\u00a0<strong>Guaymall\u00e9n<\/strong>.<\/p>\n\n\n\n<p>Fue alrededor de las 20.30 cuando un llamado a l\u00ednea de emergencias 911 alert\u00f3 sobre dos sujetos intentando sustraer cables del servicio de internet en el cruce de calles Avellaneda y Dante Alighieri.<\/p>\n\n\n\n<p>Polic\u00edas de la\u00a0<strong>Comisar\u00eda 57\u00aa<\/strong>\u00a0se dirigieron hasta ese sector, donde dieron con los individuos y\u00a0<mark>verificaron que hab\u00edan provocado da\u00f1os en la fosa por donde pasa el cableado de la fibra \u00f3ptica<\/mark>, de acuerdo con la informaci\u00f3n.<\/p>\n\n\n\n<p>Ante eso, los dos sospechosos, de 21 y 24 a\u00f1os, fueron aprehendidos y trasladados hasta la\u00a0<strong>Comisar\u00eda Novena<\/strong>, donde quedaron a disposici\u00f3n de la\u00a0<strong>Oficina Fiscal N\u00ba 9<\/strong>.<\/p>\n\n\n\n<p><strong>Fuente: www.elsol.com.ar<\/strong><\/p>\n","protected":false},"excerpt":{"rendered":"<p>Dos j\u00f3venes fueron detenidos la noche del domingo por el robo de cables de fibra \u00f3ptica en\u00a0Guaymall\u00e9n. Fue alrededor de las 20.30 cuando un llamado a l\u00ednea de emergencias 911 alert\u00f3 sobre dos sujetos intentando sustraer cables del servicio de internet en el cruce de calles Avellaneda y Dante Alighieri. Polic\u00edas de la\u00a0Comisar\u00eda 57\u00aa\u00a0se dirigieron [&hellip;]<\/p>\n","protected":false},"author":2,"featured_media":981,"comment_status":"open","ping_status":"open","sticky":false,"template":"","format":"standard","meta":[],"categories":[48],"tags":[],"_links":{"self":[{"href":"https:\/\/pasaenmendoza.com\/index.php?rest_route=\/wp\/v2\/posts\/980"}],"collection":[{"href":"https:\/\/pasaenmendoza.com\/index.php?rest_route=\/wp\/v2\/posts"}],"about":[{"href":"https:\/\/pasaenmendoza.com\/index.php?rest_route=\/wp\/v2\/types\/post"}],"author":[{"embeddable":true,"href":"https:\/\/pasaenmendoza.com\/index.php?rest_route=\/wp\/v2\/users\/2"}],"replies":[{"embeddable":true,"href":"https:\/\/pasaenmendoza.com\/index.php?rest_route=%2Fwp%2Fv2%2Fcomments&post=980"}],"version-history":[{"count":1,"href":"https:\/\/pasaenmendoza.com\/index.php?rest_route=\/wp\/v2\/posts\/980\/revisions"}],"predecessor-version":[{"id":982,"href":"https:\/\/pasaenmendoza.com\/index.php?rest_route=\/wp\/v2\/posts\/980\/revisions\/982"}],"wp:featuredmedia":[{"embeddable":true,"href":"https:\/\/pasaenmendoza.com\/index.php?rest_route=\/wp\/v2\/media\/981"}],"wp:attachment":[{"href":"https:\/\/pasaenmendoza.com\/index.php?rest_route=%2Fwp%2Fv2%2Fmedia&parent=980"}],"wp:term":[{"taxonomy":"category","embeddable":true,"href":"https:\/\/pasaenmendoza.com\/index.php?rest_route=%2Fwp%2Fv2%2Fcategories&post=980"},{"taxonomy":"post_tag","embeddable":true,"href":"https:\/\/pasaenmendoza.com\/index.php?rest_route=%2Fwp%2Fv2%2Ftags&post=980"}],"curies":[{"name":"wp","href":"https:\/\/api.w.org\/{rel}","templated":true}]}}