{"id":9801,"date":"2024-10-28T12:56:53","date_gmt":"2024-10-28T11:56:53","guid":{"rendered":"https:\/\/pasaenmendoza.com\/?p=9801"},"modified":"2024-10-28T12:56:54","modified_gmt":"2024-10-28T11:56:54","slug":"caluroso-y-despejado-asi-estara-el-tiempo-este-lunes-en-mendoza","status":"publish","type":"post","link":"https:\/\/pasaenmendoza.com\/?p=9801","title":{"rendered":"Caluroso y despejado: as\u00ed estar\u00e1 el tiempo este lunes en Mendoza"},"content":{"rendered":"\n<p><strong>Caluroso<\/strong>&nbsp;con poca nubosidad, vientos moderados del noreste;&nbsp;<strong>buen tiempo&nbsp;<\/strong>en cordillera: as\u00ed estar\u00e1 el tiempo este lunes en el Gran Mendoza. Seg\u00fan la Direcci\u00f3n de Contingencias Clim\u00e1ticas&nbsp;<strong>la m\u00ednima ser\u00e1 de 15 grados y la m\u00e1xima de 33.<\/strong><\/p>\n\n\n\n<p>Para el martes se prev\u00e9 \u201ccaluroso con poca nubosidad, vientos moderados del noreste. Buen tiempo en cordillera\u201d.&nbsp;<strong>La m\u00ednima ser\u00e1 de 17 grados y la m\u00e1xima de 35.<\/strong><\/p>\n\n\n\n<p>En tanto, para el mi\u00e9rcoles se prev\u00e9 una jornada calurosa y algo nublada, vientos moderados del este. Tormentas aisladas en el sur provincial. Poco nuboso en cordillera.\u00a0<strong>La m\u00ednima ser\u00e1 de 18 grados y la m\u00e1xima de 36.<\/strong><\/p>\n\n\n\n<p><strong>Fuente: www.elsol.com.ar<\/strong><\/p>\n","protected":false},"excerpt":{"rendered":"<p>Caluroso&nbsp;con poca nubosidad, vientos moderados del noreste;&nbsp;buen tiempo&nbsp;en cordillera: as\u00ed estar\u00e1 el tiempo este lunes en el Gran Mendoza. Seg\u00fan la Direcci\u00f3n de Contingencias Clim\u00e1ticas&nbsp;la m\u00ednima ser\u00e1 de 15 grados y la m\u00e1xima de 33. Para el martes se prev\u00e9 \u201ccaluroso con poca nubosidad, vientos moderados del noreste. Buen tiempo en cordillera\u201d.&nbsp;La m\u00ednima ser\u00e1 de [&hellip;]<\/p>\n","protected":false},"author":2,"featured_media":9802,"comment_status":"open","ping_status":"open","sticky":false,"template":"","format":"standard","meta":[],"categories":[52],"tags":[],"_links":{"self":[{"href":"https:\/\/pasaenmendoza.com\/index.php?rest_route=\/wp\/v2\/posts\/9801"}],"collection":[{"href":"https:\/\/pasaenmendoza.com\/index.php?rest_route=\/wp\/v2\/posts"}],"about":[{"href":"https:\/\/pasaenmendoza.com\/index.php?rest_route=\/wp\/v2\/types\/post"}],"author":[{"embeddable":true,"href":"https:\/\/pasaenmendoza.com\/index.php?rest_route=\/wp\/v2\/users\/2"}],"replies":[{"embeddable":true,"href":"https:\/\/pasaenmendoza.com\/index.php?rest_route=%2Fwp%2Fv2%2Fcomments&post=9801"}],"version-history":[{"count":1,"href":"https:\/\/pasaenmendoza.com\/index.php?rest_route=\/wp\/v2\/posts\/9801\/revisions"}],"predecessor-version":[{"id":9803,"href":"https:\/\/pasaenmendoza.com\/index.php?rest_route=\/wp\/v2\/posts\/9801\/revisions\/9803"}],"wp:featuredmedia":[{"embeddable":true,"href":"https:\/\/pasaenmendoza.com\/index.php?rest_route=\/wp\/v2\/media\/9802"}],"wp:attachment":[{"href":"https:\/\/pasaenmendoza.com\/index.php?rest_route=%2Fwp%2Fv2%2Fmedia&parent=9801"}],"wp:term":[{"taxonomy":"category","embeddable":true,"href":"https:\/\/pasaenmendoza.com\/index.php?rest_route=%2Fwp%2Fv2%2Fcategories&post=9801"},{"taxonomy":"post_tag","embeddable":true,"href":"https:\/\/pasaenmendoza.com\/index.php?rest_route=%2Fwp%2Fv2%2Ftags&post=9801"}],"curies":[{"name":"wp","href":"https:\/\/api.w.org\/{rel}","templated":true}]}}