{"id":9810,"date":"2024-10-28T21:30:39","date_gmt":"2024-10-28T20:30:39","guid":{"rendered":"https:\/\/pasaenmendoza.com\/?p=9810"},"modified":"2024-10-28T21:30:40","modified_gmt":"2024-10-28T20:30:40","slug":"quiso-sacar-a-su-primo-del-penal-san-felipe-y-tambien-termino-tras-las-rejas","status":"publish","type":"post","link":"https:\/\/pasaenmendoza.com\/?p=9810","title":{"rendered":"Quiso sacar a su primo del penal San Felipe y tambi\u00e9n termin\u00f3 tras las rejas"},"content":{"rendered":"\n<p>Un hombre de 46 a\u00f1os qued\u00f3 detenido despu\u00e9s de intentar derribar el port\u00f3n del\u00a0<strong>penal San Felipe<\/strong>\u00a0con su cami\u00f3n. Estaba fuera de s\u00ed, y dijo que iba en busca de su primo debido a que estaba detenido\u00a0<strong>injustamente\u00a0<\/strong>por una causa de\u00a0<strong>violencia de g\u00e9nero<\/strong>. Por su accionar, el hombre qued\u00f3 a disposici\u00f3n de la Justicia, que espera determinar si es imputable o no.<\/p>\n\n\n\n<p>El hecho ocurri\u00f3 alrededor de las 13.30 del domingo. Primero el hombre de 46 a\u00f1os se present\u00f3 con su cami\u00f3n Mercedes Benz 710 en el ingreso al\u00a0<strong>penal\u00a0<\/strong>por calle Boulogne Sur Mer, de\u00a0<strong>Capital<\/strong>, donde habl\u00f3 con el penitenciario a cargo del ingreso.<\/p>\n\n\n\n<p>Mientras, una persona lo film\u00f3 y dijo: &#8220;Ah\u00ed va el patr\u00f3n a pedir por la&nbsp;<strong>libertad&nbsp;<\/strong>del se\u00f1or Diego D\u00edaz. Si no le quieren dar la libertad el patr\u00f3n va a cortar la calle&#8221;.<\/p>\n\n\n\n<p>A pesar de esto, el camionero fue hasta\u00a0<strong>calle Ciudad de San Felipe<\/strong>\u00a0donde est\u00e1 el port\u00f3n de ingreso de ese penal, y con total impunidad quiso\u00a0<strong>derribarlo\u00a0<\/strong>con su Mercedes Benz. El momento fue filmado desde el interior por los mismos penitenciarios, quienes llamaron al\u00a0<strong>911<\/strong>.<\/p>\n\n\n\n<p>Cuando la Polic\u00eda lleg\u00f3 al lugar y entrevist\u00f3 al conductor del cami\u00f3n, expres\u00f3 que<strong>&nbsp;iba a buscar a su primo<\/strong>, ya que seg\u00fan \u00e9l, est\u00e1 detenido por una injusticia.<\/p>\n\n\n\n<p>Debido a su accionar, el hombre fue\u00a0<strong>detenido\u00a0<\/strong>y trasladado a una comisar\u00eda a disposici\u00f3n de la\u00a0<strong>Justicia<\/strong>, quien espera resultados del\u00a0<strong>Cuerpo M\u00e9dico Forense<\/strong>\u00a0para determinar si es imputable o no.<\/p>\n\n\n\n<p><strong>Fuente: www.diariouno.com.ar<\/strong><\/p>\n","protected":false},"excerpt":{"rendered":"<p>Un hombre de 46 a\u00f1os qued\u00f3 detenido despu\u00e9s de intentar derribar el port\u00f3n del\u00a0penal San Felipe\u00a0con su cami\u00f3n. Estaba fuera de s\u00ed, y dijo que iba en busca de su primo debido a que estaba detenido\u00a0injustamente\u00a0por una causa de\u00a0violencia de g\u00e9nero. Por su accionar, el hombre qued\u00f3 a disposici\u00f3n de la Justicia, que espera determinar [&hellip;]<\/p>\n","protected":false},"author":2,"featured_media":9811,"comment_status":"open","ping_status":"open","sticky":false,"template":"","format":"standard","meta":[],"categories":[48],"tags":[],"_links":{"self":[{"href":"https:\/\/pasaenmendoza.com\/index.php?rest_route=\/wp\/v2\/posts\/9810"}],"collection":[{"href":"https:\/\/pasaenmendoza.com\/index.php?rest_route=\/wp\/v2\/posts"}],"about":[{"href":"https:\/\/pasaenmendoza.com\/index.php?rest_route=\/wp\/v2\/types\/post"}],"author":[{"embeddable":true,"href":"https:\/\/pasaenmendoza.com\/index.php?rest_route=\/wp\/v2\/users\/2"}],"replies":[{"embeddable":true,"href":"https:\/\/pasaenmendoza.com\/index.php?rest_route=%2Fwp%2Fv2%2Fcomments&post=9810"}],"version-history":[{"count":1,"href":"https:\/\/pasaenmendoza.com\/index.php?rest_route=\/wp\/v2\/posts\/9810\/revisions"}],"predecessor-version":[{"id":9814,"href":"https:\/\/pasaenmendoza.com\/index.php?rest_route=\/wp\/v2\/posts\/9810\/revisions\/9814"}],"wp:featuredmedia":[{"embeddable":true,"href":"https:\/\/pasaenmendoza.com\/index.php?rest_route=\/wp\/v2\/media\/9811"}],"wp:attachment":[{"href":"https:\/\/pasaenmendoza.com\/index.php?rest_route=%2Fwp%2Fv2%2Fmedia&parent=9810"}],"wp:term":[{"taxonomy":"category","embeddable":true,"href":"https:\/\/pasaenmendoza.com\/index.php?rest_route=%2Fwp%2Fv2%2Fcategories&post=9810"},{"taxonomy":"post_tag","embeddable":true,"href":"https:\/\/pasaenmendoza.com\/index.php?rest_route=%2Fwp%2Fv2%2Ftags&post=9810"}],"curies":[{"name":"wp","href":"https:\/\/api.w.org\/{rel}","templated":true}]}}