{"id":9813,"date":"2024-10-28T21:35:29","date_gmt":"2024-10-28T20:35:29","guid":{"rendered":"https:\/\/pasaenmendoza.com\/?p=9813"},"modified":"2024-10-28T21:35:30","modified_gmt":"2024-10-28T20:35:30","slug":"dengue-en-mendoza-salud-confirmo-que-estudia-casos-sospechosos-de-dengue","status":"publish","type":"post","link":"https:\/\/pasaenmendoza.com\/?p=9813","title":{"rendered":"Dengue en Mendoza: Salud confirm\u00f3 que estudia casos sospechosos de dengue"},"content":{"rendered":"\n<p>La directora de Epidemiolog\u00eda, Andrea Falaschi,\u00a0<strong>descart\u00f3 que Mendoza est\u00e9 atravesando una situaci\u00f3n de brote<\/strong>, dado que hasta el momento se detectaron s\u00f3lo\u00a0<strong>dos casos de dengue<\/strong>\u00a0y los calific\u00f3 de aislados porque uno de los pacientes se\u00a0<strong>contagi\u00f3 en el exterior\u00a0<\/strong>(adulto que retorn\u00f3 de Per\u00fa) y el otro s\u00ed fue aut\u00f3ctono (ni\u00f1o de 5 a\u00f1os).<\/p>\n\n\n\n<p>En ambos seguimientos<strong>\u00a0no se detectaron nuevos positivos secundarios dentro de sus familias<\/strong>. Sin embargo, tambi\u00e9n es real que existen\u00a0<strong>144 casos sospechosos<\/strong>\u00a0que se est\u00e1n analizando.<\/p>\n\n\n\n<p>Falaschi recalc\u00f3 que en este momento<strong>&nbsp;no se puede hablar de brote<\/strong>&nbsp;porque s\u00f3lo se notificaron dos casos y al menos deben presentarse por tres semanas las denuncias, en un lugar indicado, con m\u00e1s enfermos.<\/p>\n\n\n\n<p>El pico m\u00e1s grave se produjo en abril con 5.342 positivos para<strong>&nbsp;dengue<\/strong>, la infecci\u00f3n que se transmite por la picadura del mosquito&nbsp;<strong>Aedes aegypti<\/strong>.<\/p>\n\n\n\n<h2 class=\"wp-block-heading\">Los casos en an\u00e1lisis<\/h2>\n\n\n\n<p>Salud est\u00e1 realizando el monitoreo de&nbsp;<strong>144 casos sospechosos,<\/strong>&nbsp;a partir del estudio indicado por laboratorio para confirmarlos o descartarlos. Con la sola presunci\u00f3n de dengue se&nbsp;<strong>disparan operativos territoriales<\/strong>.<\/p>\n\n\n\n<p>&#8220;En general el virus se reintroduce en la comunidad o por\u00a0<strong>casos importados en los que no se consulta al m\u00e9dico r\u00e1pidamente<\/strong>. Hay que aclarar que en este caso importado -denunciado el viernes- fue inmediata la asistencia al m\u00e9dico. Otra de las formas es cuando los mosquitos de la temporada pasada\u00a0<strong>dejaron huevos infectados<\/strong>\u00a0y son los que est\u00e1n madurando con estas altas temperaturas y pican a una persona&#8221;, explic\u00f3 la especialista.<\/p>\n\n\n\n<p>Falaschi volvi\u00f3 a insistir en que por el momento&nbsp;<strong>se est\u00e1 en una fase de preparaci\u00f3n<\/strong>, en donde con las medidas de limpieza y descacharreo pueden retrasar la incidencia de la enfermedad y alert\u00f3: &#8220;Tenemos que ver c\u00f3mo sigue la evoluci\u00f3n y porque estamos en una semana de&nbsp;<strong>altas temperaturas<\/strong>&nbsp;que favorecen la propagaci\u00f3n de mosquitos&#8221;.<\/p>\n\n\n\n<p>La funcionaria volvi\u00f3 a hacer hincapi\u00e9 en la&nbsp;<strong>limpieza del peridomicilio<\/strong>, en la eliminaci\u00f3n de&nbsp;<strong>agua en los bebederos<\/strong>&nbsp;de los animales y en&nbsp;<strong>mantener corto el pasto<\/strong>, donde se reproduce el insecto.<\/p>\n\n\n\n<p>&#8220;Se est\u00e1 haciendo un trabajo muy intenso, se hizo todo el a\u00f1o y ahora lo estamos reforzando con la colaboraci\u00f3n de los municipios. Pedimos que la gente en sus casas tambi\u00e9n limpie para\u00a0<strong>evitar la presencia del vector<\/strong>&#8220;, enfatiz\u00f3.<\/p>\n\n\n\n<h2 class=\"wp-block-heading\"><strong>El pedido para los viajeros<\/strong><\/h2>\n\n\n\n<p>La responsable de Epidemiolog\u00eda de Mendoza hizo un pedido especial\u00a0<strong>a los mendocinos que viajan frecuentemente\u00a0<\/strong>o planean salir del pa\u00eds a lugares tropicales como\u00a0<strong>Brasil, Paraguay o Per\u00fa<\/strong>, donde ya se registran\u00a0<strong>variantes o nuevas cepas m\u00e1s severas de la infecci\u00f3n<\/strong>.<\/p>\n\n\n\n<p>En Mendoza, en la temporada 2023\/ 2024 predomin\u00f3 el&nbsp;<strong>dengue tipo 2<\/strong>, pero en otros lugares hay mutaciones del virus que agravan la enfermedad como son el&nbsp;<strong>dengue tipo 3 y 4<\/strong>.<\/p>\n\n\n\n<p><strong>&#8220;Si los mendocinos estuvieron en estos pa\u00edses donde el dengue es end\u00e9mico o en provincias donde todo el a\u00f1o hay casos, tienen que estar muy atentos a los s\u00edntomas como cefalea, dolor articular, mialgia, manchas en la piel, fiebre, v\u00f3mitos o diarrea y tienen que consultar en el centro de salud o en el hospital m\u00e1s cercano para descartar su caso, a trav\u00e9s de un an\u00e1lisis de laboratorio&#8221;<\/strong><\/p>\n\n\n\n<p>Tambi\u00e9n, la especialista pidi\u00f3 a aquellos pacientes que presenten s\u00edntomas&nbsp;<strong>no automedicarse<\/strong>.<\/p>\n\n\n\n<h2 class=\"wp-block-heading\"><strong>S\u00edntomas del dengue<\/strong><\/h2>\n\n\n\n<p><strong>Los s\u00edntomas del dengue pueden incluir:<\/strong><\/p>\n\n\n\n<ul>\n<li>&nbsp;Fiebre alta y repentina, que puede llegar a los 40.5\u00b0C<\/li>\n\n\n\n<li>Dolor de cabeza, especialmente detr\u00e1s de los ojos<\/li>\n\n\n\n<li>Dolor muscular e intenso en las articulaciones<\/li>\n\n\n\n<li>N\u00e1useas y v\u00f3mitos<\/li>\n\n\n\n<li>Erupci\u00f3n plana y roja en la mayor parte del cuerpo<\/li>\n\n\n\n<li>Fatiga<\/li>\n\n\n\n<li>Inflamaci\u00f3n de los ganglios linf\u00e1ticos<\/li>\n\n\n\n<li>Tos<\/li>\n\n\n\n<li>Dolor de garganta<\/li>\n\n\n\n<li>Congesti\u00f3n nasal<\/li>\n<\/ul>\n\n\n\n<p><strong>Fuente: www.diariouno.com.ar<\/strong><\/p>\n","protected":false},"excerpt":{"rendered":"<p>La directora de Epidemiolog\u00eda, Andrea Falaschi,\u00a0descart\u00f3 que Mendoza est\u00e9 atravesando una situaci\u00f3n de brote, dado que hasta el momento se detectaron s\u00f3lo\u00a0dos casos de dengue\u00a0y los calific\u00f3 de aislados porque uno de los pacientes se\u00a0contagi\u00f3 en el exterior\u00a0(adulto que retorn\u00f3 de Per\u00fa) y el otro s\u00ed fue aut\u00f3ctono (ni\u00f1o de 5 a\u00f1os). En ambos seguimientos\u00a0no [&hellip;]<\/p>\n","protected":false},"author":2,"featured_media":9815,"comment_status":"open","ping_status":"open","sticky":false,"template":"","format":"standard","meta":[],"categories":[104],"tags":[],"_links":{"self":[{"href":"https:\/\/pasaenmendoza.com\/index.php?rest_route=\/wp\/v2\/posts\/9813"}],"collection":[{"href":"https:\/\/pasaenmendoza.com\/index.php?rest_route=\/wp\/v2\/posts"}],"about":[{"href":"https:\/\/pasaenmendoza.com\/index.php?rest_route=\/wp\/v2\/types\/post"}],"author":[{"embeddable":true,"href":"https:\/\/pasaenmendoza.com\/index.php?rest_route=\/wp\/v2\/users\/2"}],"replies":[{"embeddable":true,"href":"https:\/\/pasaenmendoza.com\/index.php?rest_route=%2Fwp%2Fv2%2Fcomments&post=9813"}],"version-history":[{"count":1,"href":"https:\/\/pasaenmendoza.com\/index.php?rest_route=\/wp\/v2\/posts\/9813\/revisions"}],"predecessor-version":[{"id":9816,"href":"https:\/\/pasaenmendoza.com\/index.php?rest_route=\/wp\/v2\/posts\/9813\/revisions\/9816"}],"wp:featuredmedia":[{"embeddable":true,"href":"https:\/\/pasaenmendoza.com\/index.php?rest_route=\/wp\/v2\/media\/9815"}],"wp:attachment":[{"href":"https:\/\/pasaenmendoza.com\/index.php?rest_route=%2Fwp%2Fv2%2Fmedia&parent=9813"}],"wp:term":[{"taxonomy":"category","embeddable":true,"href":"https:\/\/pasaenmendoza.com\/index.php?rest_route=%2Fwp%2Fv2%2Fcategories&post=9813"},{"taxonomy":"post_tag","embeddable":true,"href":"https:\/\/pasaenmendoza.com\/index.php?rest_route=%2Fwp%2Fv2%2Ftags&post=9813"}],"curies":[{"name":"wp","href":"https:\/\/api.w.org\/{rel}","templated":true}]}}