{"id":9818,"date":"2024-10-28T21:43:58","date_gmt":"2024-10-28T20:43:58","guid":{"rendered":"https:\/\/pasaenmendoza.com\/?p=9818"},"modified":"2024-10-28T21:44:00","modified_gmt":"2024-10-28T20:44:00","slug":"ulpiano-suarez-abrio-una-escuela-municipal-de-senderismo-y-montana-en-ciudad","status":"publish","type":"post","link":"https:\/\/pasaenmendoza.com\/?p=9818","title":{"rendered":"Ulpiano Suarez abri\u00f3 una Escuela Municipal de Senderismo y Monta\u00f1a en Ciudad"},"content":{"rendered":"\n<p>Con el objetivo de brindar un espacio para la formaci\u00f3n y capacitaci\u00f3n de quienes realizan actividades deportivas y recreativas en zonas cordilleranas, el intendente de Capital,\u00a0<strong>Ulpiano Suarez<\/strong>, lanz\u00f3 una\u00a0<strong>Escuela Municipal de Senderismo y Monta\u00f1a<\/strong>\u00a0que iniciar\u00e1 a mitad de noviembre.<\/p>\n\n\n\n<p>Esta iniciativa estar\u00e1 orientada a brindar\u00a0<strong>conocimientos te\u00f3rico-pr\u00e1cticos<\/strong>\u00a0sobre la realizaci\u00f3n de\u00a0<strong>actividades deportivas y recreativas<\/strong>\u00a0en la monta\u00f1a. Se busca de este modo capacitar y formar a personas interesadas en iniciarse en estas disciplinas, promoviendo su autonom\u00eda y seguridad en entornos monta\u00f1osos y agrestes.<\/p>\n\n\n\n<p>La escuela funcionar\u00e1 bajo la \u00f3rbita de la Coordinaci\u00f3n del<strong>\u00a0Parque Deportivo de Monta\u00f1a de la Ciudad de Mendoza<\/strong>.<\/p>\n\n\n\n<p>El anuncio de la Escuela Municipal de Senderismo y Monta\u00f1a de Capital se llev\u00f3 a cabo en el marco del acto de colaci\u00f3n de<strong>&nbsp;las tecnicaturas del Instituto de Educaci\u00f3n F\u00edsica &#8220;Dr. Jorge E. Coll&#8221; (IEF)&nbsp;<\/strong>que se realiz\u00f3 a fines de la semana pasada en el club Petroleros.<\/p>\n\n\n\n<p>&#8220;La capacitaci\u00f3n y la formaci\u00f3n de quienes se inscriban en la escuela va a estar a cargo de profesionales t\u00e9cnicos egresados de la\u00a0<strong>Escuela Provincial de Gu\u00edas de Alta Monta\u00f1a<\/strong>. Eso para nosotros es un orgullo, es la mejor manera de garantizar una formaci\u00f3n correcta poder adentrarnos, quienes amamos la monta\u00f1a, en esta hermosa actividad de manera segura y responsable&#8221;, expres\u00f3 durante la ceremonia el intendente Ulpiano Suarez.<\/p>\n\n\n\n<h2 class=\"wp-block-heading\">La Escuela de Senderismo y Monta\u00f1a busca preservar el ambiente<\/h2>\n\n\n\n<p>La escuela responde tanto a las oportunidades que ofrece la geograf\u00eda mendocina como a la necesidad de formar a la poblaci\u00f3n en&nbsp;<strong>pr\u00e1cticas sostenibles y seguras<\/strong>. La provincia junto a la Ciudad de Mendoza, con sus imponentes paisajes y extensa red de senderos, ofrecen un escenario ideal para el desarrollo de estas actividades.<\/p>\n\n\n\n<p>El jefe comunal capitalino tambi\u00e9n firm\u00f3 un convenio para que la escuela municipal reciba asesoramiento de la\u00a0<strong>Escuela Provincial de Gu\u00edas de Alta Monta\u00f1a y Trekking (EPGAMT)<\/strong>, la cual ayud\u00f3 en la creaci\u00f3n de los contenidos y valid\u00f3 el Curso de Iniciaci\u00f3n a la Monta\u00f1a. La EPGAMT a su vez har\u00e1 que sus estudiantes de \u00faltimo a\u00f1o puedan realizar pr\u00e1cticas profesionales durante las salidas a terreno organizadas por la escuela municipal.<\/p>\n\n\n\n<p>Ulpiano Suarez celebr\u00f3 la relevancia de&nbsp;<strong>formar a los ciudadanos en pr\u00e1cticas sostenibles y seguras en entornos naturales<\/strong>.<\/p>\n\n\n\n<p>Y destac\u00f3 que la Escuela Municipal de Senderismo y Monta\u00f1a pondr\u00e1 el foco en el cuidado del medio ambiente, ense\u00f1ando\u00a0<strong>principios de bajo impacto ambiental<\/strong>\u00a0como las normas de &#8220;No dejar rastro&#8221; o la capacidad de carga de los ecosistemas, fundamentales para preservar los recursos naturales y fomentar el turismo responsable.<\/p>\n\n\n\n<h2 class=\"wp-block-heading\"><strong>Programa de estudio de la Escuela Municipal de Senderismo y Monta\u00f1a<\/strong><\/h2>\n\n\n\n<p>El programa de estudio de la Escuela Municipal de Senderismo y Monta\u00f1a constar\u00e1 de una&nbsp;<strong>capacitaci\u00f3n introductoria<\/strong>&nbsp;que se cursar\u00e1 a mitad de noviembre y luego seguir\u00e1 con el cursado de dos niveles durante 2025.<\/p>\n\n\n\n<p>Esta introducci\u00f3n se desarrollar\u00e1 en\u00a0<strong>tres clases\u00a0<\/strong>(14, 21 y 20 de noviembre), de 19 a 21, en la\u00a0<strong>Nave Cultural<\/strong>. Y concluir\u00e1 con una salida a terreno, el 7 de diciembre.<\/p>\n\n\n\n<p>Luego llegar\u00e1 el&nbsp;<strong>cursado del Nivel 1<\/strong>, que comenzar\u00e1 en la segunda quincena de marzo. Ser\u00e1n 8 clases quincenales de una hora y media (19 a 20.30) y una salida a terreno mensual. Y el&nbsp;<strong>Nivel 2<\/strong>&nbsp;comenzar\u00e1 en la segunda quincena de agosto y tendr\u00e1 la misma modalidad de cursado que el Nivel 1.<\/p>\n\n\n\n<p>Las tem\u00e1ticas del programa de esta escuela incluir\u00e1n planificaci\u00f3n de itinerarios, uso de equipamiento, alimentaci\u00f3n e hidrataci\u00f3n, t\u00e9cnicas de orientaci\u00f3n y navegaci\u00f3n, primeros auxilios y gesti\u00f3n de emergencias, as\u00ed como\u00a0<strong>toma de decisiones en entornos monta\u00f1osos<\/strong>, entre otros aspectos claves para practicar cualquier actividad en la naturaleza.<\/p>\n\n\n\n<h2 class=\"wp-block-heading\"><strong>La Escuela Municipal de Senderismo y Monta\u00f1a costar\u00e1 $10.000<\/strong><\/h2>\n\n\n\n<p>De todos modos, advirtieron que la Escuela Municipal de Senderismo y Monta\u00f1a de Capital&nbsp;<strong>no se equiparar\u00e1 a una formaci\u00f3n acad\u00e9mica formal<\/strong>&nbsp;ni otorgar\u00e1 a los participantes t\u00edtulo habilitante como gu\u00edas de monta\u00f1a, trekking o cualquier tipo de actividad t\u00e9cnica relacionada con la capacitaci\u00f3n formal.<\/p>\n\n\n\n<p>Podr\u00e1n<strong>\u00a0inscribirse<\/strong>\u00a0todas las personas\u00a0<strong>mayores de 18 a\u00f1os\u00a0<\/strong>con inter\u00e9s en iniciarse en el senderismo y monta\u00f1ismo. Deber\u00e1n hacerlo de forma online a trav\u00e9s de\u00a0un formulario de Google\u00a0que se encuentra disponible en la web de la Ciudad de Mendoza.<\/p>\n\n\n\n<p>Cada nivel contar\u00e1 con una cohorte que tendr\u00e1 un\u00a0<strong>cupo limitado<\/strong>\u00a0para garantizar la seguridad y una formaci\u00f3n personalizada, por lo que los participantes deber\u00e1n inscribirse previamente. Deber\u00e1n presentar certificado m\u00e9dico actualizado, consentimiento informado, foto del DNI de ma\u00f1era digital y 2 fotos carnet de manera digital.<\/p>\n\n\n\n<p>Los estudiantes deber\u00e1n abonar una\u00a0<strong>cuota de inscripci\u00f3n, una cuota mensual y el valor\u00a0<\/strong>que se determine para cada salida a terreno, seg\u00fan la ordenanza tarifaria de cada a\u00f1o. Para este a\u00f1o se prev\u00e9 el\u00a0<strong>pago \u00fanico de una cuota de inscripci\u00f3n de $10.000<\/strong>.<\/p>\n\n\n\n<p><strong>Fuente: www.diariouno.com.ar<\/strong><\/p>\n","protected":false},"excerpt":{"rendered":"<p>Con el objetivo de brindar un espacio para la formaci\u00f3n y capacitaci\u00f3n de quienes realizan actividades deportivas y recreativas en zonas cordilleranas, el intendente de Capital,\u00a0Ulpiano Suarez, lanz\u00f3 una\u00a0Escuela Municipal de Senderismo y Monta\u00f1a\u00a0que iniciar\u00e1 a mitad de noviembre. Esta iniciativa estar\u00e1 orientada a brindar\u00a0conocimientos te\u00f3rico-pr\u00e1cticos\u00a0sobre la realizaci\u00f3n de\u00a0actividades deportivas y recreativas\u00a0en la monta\u00f1a. Se [&hellip;]<\/p>\n","protected":false},"author":2,"featured_media":9819,"comment_status":"open","ping_status":"open","sticky":false,"template":"","format":"standard","meta":[],"categories":[50],"tags":[],"_links":{"self":[{"href":"https:\/\/pasaenmendoza.com\/index.php?rest_route=\/wp\/v2\/posts\/9818"}],"collection":[{"href":"https:\/\/pasaenmendoza.com\/index.php?rest_route=\/wp\/v2\/posts"}],"about":[{"href":"https:\/\/pasaenmendoza.com\/index.php?rest_route=\/wp\/v2\/types\/post"}],"author":[{"embeddable":true,"href":"https:\/\/pasaenmendoza.com\/index.php?rest_route=\/wp\/v2\/users\/2"}],"replies":[{"embeddable":true,"href":"https:\/\/pasaenmendoza.com\/index.php?rest_route=%2Fwp%2Fv2%2Fcomments&post=9818"}],"version-history":[{"count":1,"href":"https:\/\/pasaenmendoza.com\/index.php?rest_route=\/wp\/v2\/posts\/9818\/revisions"}],"predecessor-version":[{"id":9822,"href":"https:\/\/pasaenmendoza.com\/index.php?rest_route=\/wp\/v2\/posts\/9818\/revisions\/9822"}],"wp:featuredmedia":[{"embeddable":true,"href":"https:\/\/pasaenmendoza.com\/index.php?rest_route=\/wp\/v2\/media\/9819"}],"wp:attachment":[{"href":"https:\/\/pasaenmendoza.com\/index.php?rest_route=%2Fwp%2Fv2%2Fmedia&parent=9818"}],"wp:term":[{"taxonomy":"category","embeddable":true,"href":"https:\/\/pasaenmendoza.com\/index.php?rest_route=%2Fwp%2Fv2%2Fcategories&post=9818"},{"taxonomy":"post_tag","embeddable":true,"href":"https:\/\/pasaenmendoza.com\/index.php?rest_route=%2Fwp%2Fv2%2Ftags&post=9818"}],"curies":[{"name":"wp","href":"https:\/\/api.w.org\/{rel}","templated":true}]}}