{"id":9826,"date":"2024-10-29T13:12:34","date_gmt":"2024-10-29T12:12:34","guid":{"rendered":"https:\/\/pasaenmendoza.com\/?p=9826"},"modified":"2024-10-29T13:12:35","modified_gmt":"2024-10-29T12:12:35","slug":"el-calor-no-afloja-asi-estara-el-tiempo-en-mendoza-este-martes","status":"publish","type":"post","link":"https:\/\/pasaenmendoza.com\/?p=9826","title":{"rendered":"El calor no afloja: as\u00ed estar\u00e1 el tiempo en Mendoza este martes"},"content":{"rendered":"\n<p><strong>Caluroso con poca nubosidad<\/strong>&nbsp;y vientos moderados del noreste es lo que indica la Direcci\u00f3n de Contingencias Clim\u00e1ticas en el&nbsp;<strong>Gran Mendoza<\/strong>&nbsp;para este martes 29 de octubre. Adem\u00e1s se pronostica \u201cbuen tiempo en cordillera\u201d.&nbsp;<strong>La m\u00ednima ser\u00e1 de 17 grados y la m\u00e1xima de 35.<\/strong><\/p>\n\n\n\n<p>Para el mi\u00e9rcoles, se prev\u00e9: \u201cCaluroso y algo nublado, vientos moderados del este. Tormentas aisladas en el sur provincial. Poco nuboso en cordillera\u201d.<strong>&nbsp;La m\u00ednima ser\u00e1 de 18 grados y la m\u00e1xima de 36.<\/strong><\/p>\n\n\n\n<p>En tanto, para el\u00a0<strong>jueves\u00a0<\/strong>se pronostica: \u201cCielo inestable con nubosidad variable y tormentas aisladas, descenso de la temperatura, vientos moderados del sector sur. Inestable en cordillera\u201d.\u00a0<strong>La m\u00ednima ser\u00e1 de 18 grados y la m\u00e1xima de 31.<\/strong><\/p>\n\n\n\n<p><strong>Fuente: www.elsol.com.ar<\/strong><\/p>\n","protected":false},"excerpt":{"rendered":"<p>Caluroso con poca nubosidad&nbsp;y vientos moderados del noreste es lo que indica la Direcci\u00f3n de Contingencias Clim\u00e1ticas en el&nbsp;Gran Mendoza&nbsp;para este martes 29 de octubre. Adem\u00e1s se pronostica \u201cbuen tiempo en cordillera\u201d.&nbsp;La m\u00ednima ser\u00e1 de 17 grados y la m\u00e1xima de 35. Para el mi\u00e9rcoles, se prev\u00e9: \u201cCaluroso y algo nublado, vientos moderados del este. [&hellip;]<\/p>\n","protected":false},"author":2,"featured_media":9827,"comment_status":"open","ping_status":"open","sticky":false,"template":"","format":"standard","meta":[],"categories":[52],"tags":[],"_links":{"self":[{"href":"https:\/\/pasaenmendoza.com\/index.php?rest_route=\/wp\/v2\/posts\/9826"}],"collection":[{"href":"https:\/\/pasaenmendoza.com\/index.php?rest_route=\/wp\/v2\/posts"}],"about":[{"href":"https:\/\/pasaenmendoza.com\/index.php?rest_route=\/wp\/v2\/types\/post"}],"author":[{"embeddable":true,"href":"https:\/\/pasaenmendoza.com\/index.php?rest_route=\/wp\/v2\/users\/2"}],"replies":[{"embeddable":true,"href":"https:\/\/pasaenmendoza.com\/index.php?rest_route=%2Fwp%2Fv2%2Fcomments&post=9826"}],"version-history":[{"count":1,"href":"https:\/\/pasaenmendoza.com\/index.php?rest_route=\/wp\/v2\/posts\/9826\/revisions"}],"predecessor-version":[{"id":9828,"href":"https:\/\/pasaenmendoza.com\/index.php?rest_route=\/wp\/v2\/posts\/9826\/revisions\/9828"}],"wp:featuredmedia":[{"embeddable":true,"href":"https:\/\/pasaenmendoza.com\/index.php?rest_route=\/wp\/v2\/media\/9827"}],"wp:attachment":[{"href":"https:\/\/pasaenmendoza.com\/index.php?rest_route=%2Fwp%2Fv2%2Fmedia&parent=9826"}],"wp:term":[{"taxonomy":"category","embeddable":true,"href":"https:\/\/pasaenmendoza.com\/index.php?rest_route=%2Fwp%2Fv2%2Fcategories&post=9826"},{"taxonomy":"post_tag","embeddable":true,"href":"https:\/\/pasaenmendoza.com\/index.php?rest_route=%2Fwp%2Fv2%2Ftags&post=9826"}],"curies":[{"name":"wp","href":"https:\/\/api.w.org\/{rel}","templated":true}]}}