{"id":9830,"date":"2024-10-29T22:17:57","date_gmt":"2024-10-29T21:17:57","guid":{"rendered":"https:\/\/pasaenmendoza.com\/?p=9830"},"modified":"2024-10-29T22:17:58","modified_gmt":"2024-10-29T21:17:58","slug":"omar-de-marchi-asumio-como-vicepresidente-de-aerolineas-argentinas","status":"publish","type":"post","link":"https:\/\/pasaenmendoza.com\/?p=9830","title":{"rendered":"Omar De Marchi asumi\u00f3 como vicepresidente de Aerol\u00edneas Argentinas"},"content":{"rendered":"\n<p><strong>Omar De Marchi<\/strong> cambi\u00f3 de cargo en un abrir y cerrar de ojos. Renunci\u00f3 a la Secretar\u00eda de Relaciones Parlamentarias y de inmediato -este martes al mediod\u00eda- asumi\u00f3 la vicepresidencia de\u00a0<strong>Aerol\u00edneas Argentinas\u00a0<\/strong>justo el mismo d\u00eda en el que avanz\u00f3 en Diputados el proyecto de privatizaci\u00f3n de la empresa.<\/p>\n\n\n\n<p>El lujanino, cercano al presidente Javier Milei, ocupaba desde diciembre el puesto en el \u00e1rea cuyo nombre completo es&nbsp;<strong>Secretar\u00eda de Relaciones Parlamentarias e Institucionales<\/strong>&nbsp;de la Jefatura de Gabinete.<\/p>\n\n\n\n<p>Fundador de<strong>\u00a0La Uni\u00f3n Mendocina<\/strong>, espacio por el que compiti\u00f3 en las elecciones a gobernador en las que se impuso Alfredo Cornejo, De Marchi lleg\u00f3 ahora a Aerol\u00edneas a un cargo que podr\u00eda ser de corta duraci\u00f3n si prospera el plan de privatizaci\u00f3n, que impulsa el Poder Ejecutivo Nacional.<\/p>\n\n\n\n<h2 class=\"wp-block-heading\">Omar De Marchi, de Relaciones Parlamentarias a Aerol\u00edneas<\/h2>\n\n\n\n<p>Tras conocerse la renuncia del ex intendente de Luj\u00e1n y tambi\u00e9n ex legislador nacional a la Secretar\u00eda de Relaciones Parlamentarias algunos medios especularon con que fue echado del gobierno nacional y lo sumaron a la listas de funcionarios que dejaron sus puestos desde que Javier Milei es presidente.<\/p>\n\n\n\n<p>Sin embargo esta versi\u00f3n fue descartada de inmediato cuando se supo que al dirigente mendocino le asignaron una nueva misi\u00f3n, seguramente relacionada con el proceso de privatizaci\u00f3n de la l\u00ednea de bandera que este mismo martes dio un paso adelante en ese objetivo.<\/p>\n\n\n\n<p>Es que el proyecto de desestatizar Aerol\u00edneas tuvo dictamen favorable al ser tratado en las comisiones de Presupuesto y Hacienda, y Transportes. El debate fue presidido por la radical mendocina Pamela Verasay y el libertario Jos\u00e9 Luis Espert.<\/p>\n\n\n\n<p>Precisamente Verasay dijo tras las deliberaciones: &#8220;Logramos el dictamen para avanzar en el proceso de privatizaci\u00f3n de Aerol\u00edneas Argentinas durante el plenario de comisiones de Presupuesto y Hacienda y Transportes. Aseguramos un debate donde se escucharon todas las posturas&#8221;.<\/p>\n\n\n\n<p>Tambi\u00e9n dijo la legisladora mendocina: &#8220;Estamos dando discusi\u00f3n muy relevante para optimizar el equilibrio fiscal, revisar la asistencia del Estado a las empresas y la necesaria apertura del mercado aerocomercial&#8221;.<\/p>\n\n\n\n<h2 class=\"wp-block-heading\">La chicana de Hebe Casado<\/h2>\n\n\n\n<p>La vicegobernadora Hebe Casado public\u00f3 en sus redes sociales un breve mensaje con una chicana contra Omar De Marchi, con quien est\u00e1 enfrentado desde la campa\u00f1a previa a las elecciones provinciales de 2023.<\/p>\n\n\n\n<p>Ahora, en respuesta a la publicaci\u00f3n del periodista Gonzalo Prado, que inform\u00f3 del nuevo cargo de De Marchi, la n\u00famero dos del Ejecutivo provincial afirm\u00f3 con iron\u00eda:<strong>\u00a0&#8220;\u00a1Qu\u00e9 pa\u00eds generoso!&#8221;.<\/strong><\/p>\n\n\n\n<figure class=\"wp-block-image\"><img decoding=\"async\" src=\"https:\/\/media.diariouno.com.ar\/p\/8400ad8b63fbf3e04297198ad2a71a15\/adjuntos\/298\/imagenes\/009\/433\/0009433561\/1200x0\/smart\/tuit-hebe-casadojpg.jpg\" alt=\"\" title=\"\"\/><\/figure>\n\n\n\n<h2 class=\"wp-block-heading\">Despacho favorable en Diputados a la privatizaci\u00f3n de Aerol\u00edneas Argentinas<\/h2>\n\n\n\n<p>La Libertad Avanza (LLA) consigui\u00f3 dictamen de comisi\u00f3n favorable en la C\u00e1mara de Diputados para avanzar con el proyecto de&nbsp;<strong>privatizaci\u00f3n de Aerol\u00edneas Argentinas,&nbsp;<\/strong>por lo que ya tiene luz verde para el debate en el recinto de sesiones.<\/p>\n\n\n\n<p>El oficialismo quiere tratar el proyecto antes de que concluya el per\u00edodo de sesiones ordinarias el 30 de noviembre, pero deber\u00e1 tener a\u00fan algunas negociaciones con otras bancadas para garantizarse la mayor\u00eda en el recinto.<\/p>\n\n\n\n<p>La decisi\u00f3n de avanzar con la privatizaci\u00f3n de Aerol\u00edneas Argentinas se adopt\u00f3 en un plenario de las comisiones de Transportes y Presupuesto y Hacienda.<\/p>\n\n\n\n<p>Se firm\u00f3 un dictamen de mayor\u00eda respaldado por LLA, Coalici\u00f3n C\u00edvica (CC), PRO, MID, UCR y Producci\u00f3n y Trabajo, que reunieron 35 firmas.<\/p>\n\n\n\n<p>Otro dictamen con ocho firmas fue impulsado por Encuentro Federal y radicales disidentes agrupados en Democracia para Siempre, y que proponen la incorporaci\u00f3n del capital privado pero con la condici\u00f3n de que el Estado mantenga la mayor\u00eda.<\/p>\n\n\n\n<p>Tambi\u00e9n hubo otro dictamen presentado de Uni\u00f3n por la Patria (UxP) en rechazo total a la privatizaci\u00f3n de la empresa, y lo mismo hizo la izquierda.<\/p>\n\n\n\n<p>Uno de los bloques que no firm\u00f3 ning\u00fan dictamen fue&nbsp;<strong>Innovaci\u00f3n Federal,&nbsp;<\/strong>que tiene ocho diputados que responden a los gobernadores de Misiones, R\u00edo Negro y Salta, y que son clave para votar la ley de privatizaci\u00f3n de la aerol\u00ednea estatal.<\/p>\n\n\n\n<p>En el \u00faltimo tramo del debate, diputados de UxP acusaron de&nbsp;<strong>&#8220;traidores a la patria&#8221; y &#8220;c\u00f3mplices&#8221;&nbsp;<\/strong>a los diputados del PRO, UCR y la Coalici\u00f3n C\u00edvica por respaldar con diferentes propuestas la venta de Aerol\u00edneas Argentinas.<\/p>\n\n\n\n<p>As\u00ed lo expresaron los diputados&nbsp;<strong>Carolina Gaillard, Vanesa Siley&nbsp;<\/strong>y el presidente del bloque,&nbsp;<strong>Germ\u00e1n Mart\u00ednez.<\/strong><\/p>\n\n\n\n<p>Mart\u00ednez dijo que &#8220;el oficialismo est\u00e1 punto de llevarse un dictamen de comisi\u00f3n sin despeinarse, y no lo digo por (Jos\u00e9 Luis) Espert&#8221;.<\/p>\n\n\n\n<p>El legislador se\u00f1al\u00f3 que el gobierno no respondi\u00f3 ninguna consulta sobre si buscaba el &#8220;desguace&#8221; de la empresa y, pese a eso, &#8220;ahora hay un grupo de diputados en esta c\u00e1mara que le est\u00e1 permitiendo avanzar en la privatizaci\u00f3n&#8221;.<\/p>\n\n\n\n<p>Dijo que &#8220;no cree&#8221; que a los diputados opositores que promueven la privatizaci\u00f3n &#8220;los seduzca el plan del gobierno&#8221;.<\/p>\n\n\n\n<p>&#8220;El problema no es Milei, Karina Milei o Santiaguito Caputo, sino el poder econ\u00f3mico que est\u00e1 detr\u00e1s de este plan, ya que quieren quedar simp\u00e1ticos con ese poder econ\u00f3mico&#8221;, denunci\u00f3.<\/p>\n\n\n\n<p><strong>Fuente: www.diariouno.com.ar<\/strong><\/p>\n","protected":false},"excerpt":{"rendered":"<p>Omar De Marchi cambi\u00f3 de cargo en un abrir y cerrar de ojos. Renunci\u00f3 a la Secretar\u00eda de Relaciones Parlamentarias y de inmediato -este martes al mediod\u00eda- asumi\u00f3 la vicepresidencia de\u00a0Aerol\u00edneas Argentinas\u00a0justo el mismo d\u00eda en el que avanz\u00f3 en Diputados el proyecto de privatizaci\u00f3n de la empresa. El lujanino, cercano al presidente Javier Milei, [&hellip;]<\/p>\n","protected":false},"author":2,"featured_media":9831,"comment_status":"open","ping_status":"open","sticky":false,"template":"","format":"standard","meta":[],"categories":[47],"tags":[],"_links":{"self":[{"href":"https:\/\/pasaenmendoza.com\/index.php?rest_route=\/wp\/v2\/posts\/9830"}],"collection":[{"href":"https:\/\/pasaenmendoza.com\/index.php?rest_route=\/wp\/v2\/posts"}],"about":[{"href":"https:\/\/pasaenmendoza.com\/index.php?rest_route=\/wp\/v2\/types\/post"}],"author":[{"embeddable":true,"href":"https:\/\/pasaenmendoza.com\/index.php?rest_route=\/wp\/v2\/users\/2"}],"replies":[{"embeddable":true,"href":"https:\/\/pasaenmendoza.com\/index.php?rest_route=%2Fwp%2Fv2%2Fcomments&post=9830"}],"version-history":[{"count":1,"href":"https:\/\/pasaenmendoza.com\/index.php?rest_route=\/wp\/v2\/posts\/9830\/revisions"}],"predecessor-version":[{"id":9832,"href":"https:\/\/pasaenmendoza.com\/index.php?rest_route=\/wp\/v2\/posts\/9830\/revisions\/9832"}],"wp:featuredmedia":[{"embeddable":true,"href":"https:\/\/pasaenmendoza.com\/index.php?rest_route=\/wp\/v2\/media\/9831"}],"wp:attachment":[{"href":"https:\/\/pasaenmendoza.com\/index.php?rest_route=%2Fwp%2Fv2%2Fmedia&parent=9830"}],"wp:term":[{"taxonomy":"category","embeddable":true,"href":"https:\/\/pasaenmendoza.com\/index.php?rest_route=%2Fwp%2Fv2%2Fcategories&post=9830"},{"taxonomy":"post_tag","embeddable":true,"href":"https:\/\/pasaenmendoza.com\/index.php?rest_route=%2Fwp%2Fv2%2Ftags&post=9830"}],"curies":[{"name":"wp","href":"https:\/\/api.w.org\/{rel}","templated":true}]}}