{"id":9833,"date":"2024-10-29T22:25:31","date_gmt":"2024-10-29T21:25:31","guid":{"rendered":"https:\/\/pasaenmendoza.com\/?p=9833"},"modified":"2024-10-29T22:25:32","modified_gmt":"2024-10-29T21:25:32","slug":"cornejo-quedo-a-un-paso-de-lograr-el-aval-a-la-declaracion-de-impacto-ambiental-para-34-proyectos-mineros","status":"publish","type":"post","link":"https:\/\/pasaenmendoza.com\/?p=9833","title":{"rendered":"Cornejo qued\u00f3 a un paso de lograr el aval a la declaraci\u00f3n de impacto ambiental para 34 proyectos mineros"},"content":{"rendered":"\n<p>Sin mayores alteraciones a lo planeado, el gobierno de\u00a0<strong>Alfredo Cornejo<\/strong>\u00a0se encamina a lograr que la\u00a0<strong>Legislatura<\/strong>\u00a0avale la Declaraci\u00f3n de Impacto Ambiental (DIA) de\u00a0<strong>34 proyectos mineros del Distrito Malarg\u00fce<\/strong>. Este martes se avanz\u00f3 con un requisito clave, que es lograr el despacho del plenario de Diputados, para abrir el debate en el recinto este mi\u00e9rcoles.<\/p>\n\n\n\n<p>&#8220;<strong>Nos dan los n\u00fameros con los diputados propios<\/strong>, pero adem\u00e1s creemos que tambi\u00e9n lo respaldar\u00e1n algunos legisladores del PJ&#8221;, se sinceraron desde el oficialismo.<\/p>\n\n\n\n<p>Por lo pronto, el plenario de las comisiones de Legislaci\u00f3n y Asuntos Constitucionales y\u00a0<strong>Miner\u00eda<\/strong>, Econom\u00eda, Energ\u00eda e Industrias, y de Ambiente y Recursos H\u00eddricos ya aprob\u00f3 el\u00a0<strong>despacho\u00a0<\/strong>que se trasladar\u00e1 al recinto de la C\u00e1mara de Diputados este mi\u00e9rcoles.<\/p>\n\n\n\n<p>Ese plenario recibi\u00f3 a organizaciones sociales, c\u00e1maras empresarias, estudiantes y profesionales t\u00e9cnicos, para conocer las distintas&nbsp;<strong>opiniones sobre el proyecto<\/strong>, lo que sirvi\u00f3 de fundamento para el despacho favorable.<\/p>\n\n\n\n<p>Si bien el Gobierno tiene la cantidad de diputados y senadores como para aprobar la&nbsp;<strong>Declaraci\u00f3n de Impacto Ambiental,&nbsp;<\/strong>puertas adentro pretenden cosechar otros avales de la oposici\u00f3n como generar una idea de que hay&nbsp;<strong>consenso&nbsp;<\/strong>pol\u00edtico para que ese proyecto avance.<\/p>\n\n\n\n<p>Entienden en Casa de Gobierno que\u00a0<strong>ese respaldo es clave\u00a0<\/strong>por el mensaje que les da no s\u00f3lo a los titulares de esos 34 proyectos que avanzar\u00edan con las primeras tareas de exploraci\u00f3n, sino tambi\u00e9n a los futuros inversores que de confirmarse que en esa zona hay una buena cantidad y calidad de cobre, podr\u00edan tentarse con hacer\u00a0<strong>fuertes inversiones<\/strong>\u00a0para las pr\u00f3ximas etapas extractivas.<\/p>\n\n\n\n<h2 class=\"wp-block-heading\">Un respaldo que incluir\u00eda a legisladores del PJ y del PRO<\/h2>\n\n\n\n<p>En el entretejido del consenso para que se apruebe la DIA del proyecto&nbsp;<strong>Malarg\u00fce Distrito Minero Occidental<\/strong>, los radicales ya descartan que contar\u00e1n con el respaldo de los legisladores del PRO demarchistas y del PJ del Sur, sobre todo de quienes le responden pol\u00edticamente al intendente Celso Jaque y tambi\u00e9n a los hermanos F\u00e9lix.<\/p>\n\n\n\n<p>Hay que recordar que en el camino que ya inici\u00f3 este proyecto en la\u00a0<strong>Legislatura<\/strong>, adem\u00e1s de la presentaci\u00f3n de la ministra de Energ\u00eda y Ambiente,<strong>\u00a0Jimena Latorre<\/strong>, se dio tambi\u00e9n el aporte del intendente de Malarg\u00fce,\u00a0<strong>Celso Jaque<\/strong>, y la explicaci\u00f3n t\u00e9cnica de la Subsecretar\u00eda de Ambiente, la Direcci\u00f3n de Miner\u00eda y la de Protecci\u00f3n Ambiental, as\u00ed como del sector cient\u00edfico\/acad\u00e9mico con la exposici\u00f3n del decano de la Facultad de Ciencias Aplicadas a la Industria, de la Universidad Nacional de Cuyo.<\/p>\n\n\n\n<p>El&nbsp;<strong>objetivo pol\u00edtico<\/strong>&nbsp;es que esa DIA puedan estar aprobadas por ambas c\u00e1maras a principios de noviembre con la intenci\u00f3n de que ese primer trabajo de&nbsp;<strong>exploraci\u00f3n&nbsp;<\/strong>pueda comenzar en esta temporada de verano.<\/p>\n\n\n\n<p>Pasa que por la zona de la precordillera en la que est\u00e1 ubicado el pol\u00edgono minero,&nbsp;<strong>s\u00f3lo se podr\u00eda explorar en esa ventana de tiempo<\/strong>, porque en marzo ya comienzan las bajas temperaturas y los temporales que impedir\u00edan el trabajo minero all\u00ed.<\/p>\n\n\n\n<h2 class=\"wp-block-heading\">La oposici\u00f3n en la comisi\u00f3n, un anticipo de lo que ser\u00e1 el debate en Diputados<\/h2>\n\n\n\n<p>El despacho que se aprob\u00f3 este martes en el plenario de comisiones se logr\u00f3&nbsp;<strong>en mayor\u00eda, pero sin unanimidad<\/strong>.<\/p>\n\n\n\n<p><strong>Emanuel Fugazzotto, del Partido Verde,<\/strong>&nbsp;vot\u00f3 en contra porque \u201ces una ratificaci\u00f3n que no permite modificaci\u00f3n, y aunque aspiracionalmente es bueno, no creemos que con lo que se est\u00e1 mostrando en el expediente se pueda dar certeza de cumplimiento de varios aspectos\u201d.<\/p>\n\n\n\n<p><strong>Jos\u00e9 Manuel Vilches<\/strong>, en representaci\u00f3n del radicalismo, adelant\u00f3 su voto positivo como se esperaba: &#8220;Venimos estudiando toda la informaci\u00f3n disponible, ten\u00edamos dudas que hemos evacuado, hemos hablado con los funcionarios. Los proyectos no afectan la cuenca del Atuel\u201d.<\/p>\n\n\n\n<p>En la misma l\u00ednea, sostuvo que \u201cestamos aprobando un proyecto de exploraci\u00f3n, nos ajustamos perfectamente a lo que establece la 7722\u201d.<\/p>\n\n\n\n<p>Desde el bloque de La Libertad Avanza,<strong>&nbsp;Gustavo Cairo<\/strong>&nbsp;anticip\u00f3 tambi\u00e9n su voto positivo, al igual que hizo Edgardo Civit Evans, del Partido de los Jubilados.<\/p>\n\n\n\n<p>En comisi\u00f3n, tambi\u00e9n qued\u00f3 clara la postura de cierta parte del Partido Justicialista que fue representado por la kirchnerista\u00a0<strong>Valentina Mor\u00e1n<\/strong>, quien se abstuvo.<\/p>\n\n\n\n<p><strong>Fuente: www.diariouno.com.ar<\/strong><\/p>\n","protected":false},"excerpt":{"rendered":"<p>Sin mayores alteraciones a lo planeado, el gobierno de\u00a0Alfredo Cornejo\u00a0se encamina a lograr que la\u00a0Legislatura\u00a0avale la Declaraci\u00f3n de Impacto Ambiental (DIA) de\u00a034 proyectos mineros del Distrito Malarg\u00fce. Este martes se avanz\u00f3 con un requisito clave, que es lograr el despacho del plenario de Diputados, para abrir el debate en el recinto este mi\u00e9rcoles. &#8220;Nos dan [&hellip;]<\/p>\n","protected":false},"author":2,"featured_media":9834,"comment_status":"open","ping_status":"open","sticky":false,"template":"","format":"standard","meta":[],"categories":[47],"tags":[],"_links":{"self":[{"href":"https:\/\/pasaenmendoza.com\/index.php?rest_route=\/wp\/v2\/posts\/9833"}],"collection":[{"href":"https:\/\/pasaenmendoza.com\/index.php?rest_route=\/wp\/v2\/posts"}],"about":[{"href":"https:\/\/pasaenmendoza.com\/index.php?rest_route=\/wp\/v2\/types\/post"}],"author":[{"embeddable":true,"href":"https:\/\/pasaenmendoza.com\/index.php?rest_route=\/wp\/v2\/users\/2"}],"replies":[{"embeddable":true,"href":"https:\/\/pasaenmendoza.com\/index.php?rest_route=%2Fwp%2Fv2%2Fcomments&post=9833"}],"version-history":[{"count":1,"href":"https:\/\/pasaenmendoza.com\/index.php?rest_route=\/wp\/v2\/posts\/9833\/revisions"}],"predecessor-version":[{"id":9835,"href":"https:\/\/pasaenmendoza.com\/index.php?rest_route=\/wp\/v2\/posts\/9833\/revisions\/9835"}],"wp:featuredmedia":[{"embeddable":true,"href":"https:\/\/pasaenmendoza.com\/index.php?rest_route=\/wp\/v2\/media\/9834"}],"wp:attachment":[{"href":"https:\/\/pasaenmendoza.com\/index.php?rest_route=%2Fwp%2Fv2%2Fmedia&parent=9833"}],"wp:term":[{"taxonomy":"category","embeddable":true,"href":"https:\/\/pasaenmendoza.com\/index.php?rest_route=%2Fwp%2Fv2%2Fcategories&post=9833"},{"taxonomy":"post_tag","embeddable":true,"href":"https:\/\/pasaenmendoza.com\/index.php?rest_route=%2Fwp%2Fv2%2Ftags&post=9833"}],"curies":[{"name":"wp","href":"https:\/\/api.w.org\/{rel}","templated":true}]}}