{"id":984,"date":"2023-08-28T16:07:58","date_gmt":"2023-08-28T14:07:58","guid":{"rendered":"https:\/\/pasaenmendoza.com\/?p=984"},"modified":"2023-08-28T16:09:15","modified_gmt":"2023-08-28T14:09:15","slug":"fotos-y-videos-los-mendocinos-fueron-en-busca-de-la-nieve-pero-el-regreso-es-muy-lento","status":"publish","type":"post","link":"https:\/\/pasaenmendoza.com\/?p=984","title":{"rendered":"Los mendocinos fueron en busca de la nieve, pero el regreso es muy lento"},"content":{"rendered":"\n<p>Un domingo soleado, con temperaturas m\u00e1s amables, permiti\u00f3 que una larga caravana de autom\u00f3viles saliera del Gran Mendoza hacia las villas cordilleranas con un objetivo: disfrutar los lugares m\u00e1s cercanos con nieve, sin tener que acudir a la alta monta\u00f1a.<\/p>\n\n\n\n<p>El temporal que se dio luego del viento Zonda en la semana trajo nevadas importantes, que en este caso se pudieron disfrutar en sectores de Potrerillos, Las Vegas y en el camino hacia Vallecitos.<\/p>\n\n\n\n<p>Un mendocino que asisti\u00f3 a esa zona asegur\u00f3 que el lugar era \u201cuna locura de gente\u201d fascinada por lo que quedaba de nieve.<\/p>\n\n\n\n<p>Eso s\u00ed, el regreso fue lento debido a la cantidad de visitantes que subieron a esas alturas.<\/p>\n\n\n\n<p><strong>Fuente: www.elsol.com.ar<\/strong><\/p>\n","protected":false},"excerpt":{"rendered":"<p>Un domingo soleado, con temperaturas m\u00e1s amables, permiti\u00f3 que una larga caravana de autom\u00f3viles saliera del Gran Mendoza hacia las villas cordilleranas con un objetivo: disfrutar los lugares m\u00e1s cercanos con nieve, sin tener que acudir a la alta monta\u00f1a. El temporal que se dio luego del viento Zonda en la semana trajo nevadas importantes, [&hellip;]<\/p>\n","protected":false},"author":2,"featured_media":985,"comment_status":"open","ping_status":"open","sticky":false,"template":"","format":"standard","meta":[],"categories":[50],"tags":[],"_links":{"self":[{"href":"https:\/\/pasaenmendoza.com\/index.php?rest_route=\/wp\/v2\/posts\/984"}],"collection":[{"href":"https:\/\/pasaenmendoza.com\/index.php?rest_route=\/wp\/v2\/posts"}],"about":[{"href":"https:\/\/pasaenmendoza.com\/index.php?rest_route=\/wp\/v2\/types\/post"}],"author":[{"embeddable":true,"href":"https:\/\/pasaenmendoza.com\/index.php?rest_route=\/wp\/v2\/users\/2"}],"replies":[{"embeddable":true,"href":"https:\/\/pasaenmendoza.com\/index.php?rest_route=%2Fwp%2Fv2%2Fcomments&post=984"}],"version-history":[{"count":3,"href":"https:\/\/pasaenmendoza.com\/index.php?rest_route=\/wp\/v2\/posts\/984\/revisions"}],"predecessor-version":[{"id":990,"href":"https:\/\/pasaenmendoza.com\/index.php?rest_route=\/wp\/v2\/posts\/984\/revisions\/990"}],"wp:featuredmedia":[{"embeddable":true,"href":"https:\/\/pasaenmendoza.com\/index.php?rest_route=\/wp\/v2\/media\/985"}],"wp:attachment":[{"href":"https:\/\/pasaenmendoza.com\/index.php?rest_route=%2Fwp%2Fv2%2Fmedia&parent=984"}],"wp:term":[{"taxonomy":"category","embeddable":true,"href":"https:\/\/pasaenmendoza.com\/index.php?rest_route=%2Fwp%2Fv2%2Fcategories&post=984"},{"taxonomy":"post_tag","embeddable":true,"href":"https:\/\/pasaenmendoza.com\/index.php?rest_route=%2Fwp%2Fv2%2Ftags&post=984"}],"curies":[{"name":"wp","href":"https:\/\/api.w.org\/{rel}","templated":true}]}}