{"id":9842,"date":"2024-10-30T12:57:20","date_gmt":"2024-10-30T11:57:20","guid":{"rendered":"https:\/\/pasaenmendoza.com\/?p=9842"},"modified":"2024-10-30T12:57:22","modified_gmt":"2024-10-30T11:57:22","slug":"pronostico-sigue-el-calor-pero-se-esperan-tormentas-aisladas-para-la-noche","status":"publish","type":"post","link":"https:\/\/pasaenmendoza.com\/?p=9842","title":{"rendered":"Pron\u00f3stico: sigue el calor, pero se esperan tormentas aisladas para la noche"},"content":{"rendered":"\n<p>El\u00a0<strong>pron\u00f3stico\u00a0<\/strong>del\u00a0<strong>Servicio Meteorol\u00f3gico Nacional<\/strong>\u00a0(SMN) indica que este mi\u00e9rcoles en Mendoza se mantendr\u00e1n las temperaturas elevadas, con m\u00e1ximas que superar\u00e1n los 30\u00b0C, asegurando una jornada calurosa a lo largo del d\u00eda.\u00a0<\/p>\n\n\n\n<p>Sin embargo, hacia la noche se prev\u00e9 un cambio en los departamentos del sur de la provincia, donde tormentas aisladas afectar\u00e1n principalmente a San Rafael y General Alvear. Estas tormentas comenzar\u00e1n el mi\u00e9rcoles por la noche y podr\u00edan extenderse hasta la tarde del jueves, provocando un leve descenso de la temperatura en esas \u00e1reas.<\/p>\n\n\n\n<p>En el resto de la provincia, el cielo permanecer\u00e1 mayormente nublado, sin probabilidades de precipitaciones.<\/p>\n\n\n\n<p>Las m\u00ednimas y m\u00e1ximas estipuladas para cada zona de la provincia:<\/p>\n\n\n\n<ul>\n<li>Zona Norte, compuesta por&nbsp;Lavalle y Las Heras: m\u00e1xima de 35\u00b0 y m\u00ednima de 20\u00b0.<\/li>\n\n\n\n<li>Zona Centro,&nbsp;integrada por Godoy Cruz, Guaymall\u00e9n, Ciudad de&nbsp;Mendoza, Luj\u00e1n de Cuyo y&nbsp;Maip\u00fa:&nbsp;m\u00e1xima de 35\u00b0 y m\u00ednima de 19\u00b0.<\/li>\n\n\n\n<li>Zona del Valle&nbsp;de Uco, compuesta por Tupungato, Tunuy\u00e1n y&nbsp;San Carlos: m\u00e1xima de 35\u00b0 y m\u00ednima de 15\u00b0.<\/li>\n\n\n\n<li>Zona Sur, compuesta por&nbsp;San Rafael,&nbsp;General Alvear y Malarg\u00fce: m\u00e1xima de 34\u00b0 y m\u00ednima de 18\u00b0.<\/li>\n\n\n\n<li>Zona Este, integrada por Jun\u00edn, Rivadavia, San Mart\u00edn, Santa Rosa y&nbsp;La Paz:&nbsp;m\u00e1xima de 33\u00b0 y m\u00ednima de 15\u00b0.&nbsp;<\/li>\n<\/ul>\n\n\n\n<p><strong>Fuente: www.mdzol.com<\/strong><\/p>\n","protected":false},"excerpt":{"rendered":"<p>El\u00a0pron\u00f3stico\u00a0del\u00a0Servicio Meteorol\u00f3gico Nacional\u00a0(SMN) indica que este mi\u00e9rcoles en Mendoza se mantendr\u00e1n las temperaturas elevadas, con m\u00e1ximas que superar\u00e1n los 30\u00b0C, asegurando una jornada calurosa a lo largo del d\u00eda.\u00a0 Sin embargo, hacia la noche se prev\u00e9 un cambio en los departamentos del sur de la provincia, donde tormentas aisladas afectar\u00e1n principalmente a San Rafael y [&hellip;]<\/p>\n","protected":false},"author":2,"featured_media":9843,"comment_status":"open","ping_status":"open","sticky":false,"template":"","format":"standard","meta":[],"categories":[52],"tags":[],"_links":{"self":[{"href":"https:\/\/pasaenmendoza.com\/index.php?rest_route=\/wp\/v2\/posts\/9842"}],"collection":[{"href":"https:\/\/pasaenmendoza.com\/index.php?rest_route=\/wp\/v2\/posts"}],"about":[{"href":"https:\/\/pasaenmendoza.com\/index.php?rest_route=\/wp\/v2\/types\/post"}],"author":[{"embeddable":true,"href":"https:\/\/pasaenmendoza.com\/index.php?rest_route=\/wp\/v2\/users\/2"}],"replies":[{"embeddable":true,"href":"https:\/\/pasaenmendoza.com\/index.php?rest_route=%2Fwp%2Fv2%2Fcomments&post=9842"}],"version-history":[{"count":1,"href":"https:\/\/pasaenmendoza.com\/index.php?rest_route=\/wp\/v2\/posts\/9842\/revisions"}],"predecessor-version":[{"id":9844,"href":"https:\/\/pasaenmendoza.com\/index.php?rest_route=\/wp\/v2\/posts\/9842\/revisions\/9844"}],"wp:featuredmedia":[{"embeddable":true,"href":"https:\/\/pasaenmendoza.com\/index.php?rest_route=\/wp\/v2\/media\/9843"}],"wp:attachment":[{"href":"https:\/\/pasaenmendoza.com\/index.php?rest_route=%2Fwp%2Fv2%2Fmedia&parent=9842"}],"wp:term":[{"taxonomy":"category","embeddable":true,"href":"https:\/\/pasaenmendoza.com\/index.php?rest_route=%2Fwp%2Fv2%2Fcategories&post=9842"},{"taxonomy":"post_tag","embeddable":true,"href":"https:\/\/pasaenmendoza.com\/index.php?rest_route=%2Fwp%2Fv2%2Ftags&post=9842"}],"curies":[{"name":"wp","href":"https:\/\/api.w.org\/{rel}","templated":true}]}}