{"id":9845,"date":"2024-10-30T13:03:44","date_gmt":"2024-10-30T12:03:44","guid":{"rendered":"https:\/\/pasaenmendoza.com\/?p=9845"},"modified":"2024-10-30T13:03:48","modified_gmt":"2024-10-30T12:03:48","slug":"internaron-en-el-sauce-al-fletero-que-quiso-entrar-en-camion-a-la-carcel-para-liberar-a-un-ex-policia","status":"publish","type":"post","link":"https:\/\/pasaenmendoza.com\/?p=9845","title":{"rendered":"Internaron en El Sauce al fletero que quiso entrar en cami\u00f3n a la c\u00e1rcel para liberar a un ex polic\u00eda"},"content":{"rendered":"\n<p>\u201c<em>Me voy a chocar contra el port\u00f3n de Boulogne Sur Mer\u201d<\/em>, advirti\u00f3&nbsp;<strong>Manuel Alejandro D\u00edaz Mitre&nbsp;<\/strong>(46) el mediod\u00eda del domingo, mientras se filmaba y manejaba a toda velocidad por las calles de&nbsp;<strong>Ciudad<\/strong>, a bordo del&nbsp;<strong>cami\u00f3n Mercedes Benz 710<\/strong>&nbsp;que utiliza hacer mudanzas.<\/p>\n\n\n\n<p>En los videos que se viralizaron a trav\u00e9s de&nbsp;<strong>WhatsApp<\/strong>&nbsp;y que public\u00f3&nbsp;<strong><em>El Sol<\/em><\/strong>, la intenci\u00f3n del fletero era liberar por la fuerza a su primo, identificado como&nbsp;<strong>Manuel Diego D\u00edaz Villegas<\/strong>&nbsp;(52), a quien apodan en la c\u00e1rcel como el&nbsp;<em>Bombero Loco<\/em>.<\/p>\n\n\n\n<p>Se trata de un ex efectivo policial, quien se desempe\u00f1\u00f3 durante varios a\u00f1os en el<strong>\u00a0Cuartel Central de Bomberos<\/strong>\u00a0de la<strong>\u00a0Polic\u00eda de Mendoza<\/strong>, antes de ser denunciado por violencia de g\u00e9nero en 2016 y terminar retir\u00e1ndose de la fuerza de manera voluntaria en septiembre de 2017.<\/p>\n\n\n\n<p>D\u00edaz Villegas permanece alojado en el&nbsp;<strong>sector 6B<\/strong>, conocido como el pabell\u00f3n de ex funcionarios p\u00fablicos, del&nbsp;<strong>Complejo Penitenciario San Felipe<\/strong>, purgando condenas por diferentes delitos. Desde hace tiempo que busca salir de la c\u00e1rcel, pero la Justicia le viene negando esa posibilidad. Anteriormente, recibi\u00f3 el beneficio de la&nbsp;<strong>prisi\u00f3n domiciliaria<\/strong>, pero la incumpli\u00f3 y volvi\u00f3 a quedar tras las rejas.<\/p>\n\n\n\n<p>Pese a eso, el ex polic\u00eda insistir\u00e1 con su pedido de\u00a0<strong>libertad condicional<\/strong>\u00a0en una audiencia programada para el viernes 6 de diciembre. En el medio, su primo estrell\u00f3 un cami\u00f3n de mudanzas contra el port\u00f3n de ingreso de la prisi\u00f3n provincial ubicada sobre\u00a0<strong>calle San Felipe<\/strong>, a metros de\u00a0<strong>Plantamura<\/strong>, entre el\u00a0<strong>Polo Judicial Penal\u00a0<\/strong>y el complejo<strong>\u00a0Boulogne Sur Mer<\/strong>.<\/p>\n\n\n\n<p><em>\u201cEsto va para el juez (Sebasti\u00e1n) Sarmiento. Mudanzas Mitre le hace la guerra al juez. Me cans\u00e9 de las injusticias\u201d<\/em>, afirma con vehemencia D\u00edaz Mitre en uno de los videos que film\u00f3 a bordo de su cami\u00f3n.<\/p>\n\n\n\n<p>El hombre, quien no contaba con antecedentes previos, primero quiso entrar en antiguamente llamada<strong>&nbsp;<em>Casita de Piedra<\/em><\/strong>, donde fue filmado en uno de los ingresos. Luego se dirigi\u00f3 hasta&nbsp;<strong>San Felipe<\/strong>, donde est\u00e1 preso su primo, e impact\u00f3 contra la entrada principal.<\/p>\n\n\n\n<p>All\u00ed, polic\u00edas lo aprehendieron y alojaron en una celda de la&nbsp;<strong>Comisar\u00eda Quinta<\/strong>, ubicada sobre<strong>&nbsp;avenida Juan B. Justo<\/strong>. Posteriormente, fue trasladado al&nbsp;<strong>Hospital El Sauce<\/strong>&nbsp;de&nbsp;<strong>Guaymall\u00e9n<\/strong>.<\/p>\n\n\n\n<p>En ese nosocomio especializado en salud mental, el fletero aguarda que el\u00a0<strong>fiscal de Delitos No Especializados Gabriel Blanco<\/strong>, quien tom\u00f3 intervenci\u00f3n en el caso, defina su situaci\u00f3n procesal.<\/p>\n\n\n\n<h2 class=\"wp-block-heading\" id=\"h-drogas-y-violencia-de-genero\">Drogas y violencia de g\u00e9nero<\/h2>\n\n\n\n<p>El&nbsp;<strong>ex polic\u00eda D\u00edaz Villegas<\/strong>&nbsp;comenz\u00f3 a tener problemas con la Justicia all\u00e1 por 2015, cuando su ex pareja lo denunci\u00f3 por&nbsp;<strong>lesiones leves dolosos agravadas por el v\u00ednculo<\/strong>. Por esa primera causa judicial fue suspendido en la fuerza, que abandonar\u00eda de manera voluntaria un par de a\u00f1os m\u00e1s tarde.<\/p>\n\n\n\n<p>Con el paso de los a\u00f1os continu\u00f3 protagonizando investigaciones por violencia de g\u00e9nero e intrafamiliar, que complicaron su situaci\u00f3n. Mientras que el domingo 18 de noviembre de 2018 lo atraparon armado y con\u00a0<strong>varias dosis de coca\u00edna<\/strong>.<\/p>\n\n\n\n<p>Fue alrededor de las 23.30 de ese d\u00eda cuando efectivos detectaron a un sujeto agazapado sobre\u00a0<strong>calle Pringles<\/strong>\u00a0al 2900, en<strong>\u00a0Las Heras<\/strong>. Al intentar identificarlo, sali\u00f3 corriendo y lo atraparon a los pocos metros.<\/p>\n\n\n\n<p>Mientras era reducido, grit\u00f3 que era polic\u00eda y luego de individualizarlo, constataron que se trataba del&nbsp;<strong><em>Bombero Loco<\/em>&nbsp;D\u00edaz Villegas<\/strong>, domiciliado en el&nbsp;<strong>barrio La Hermandad<\/strong>. Durante la requisa le hallaron 51 envoltorios de&nbsp;<strong>coca\u00edna&nbsp;<\/strong>(41 gramos) y 13.880 pesos en efectivo, por lo que le iniciaron una causa en&nbsp;<strong>Justicia federal<\/strong>.<\/p>\n\n\n\n<p>Posteriormente, en septiembre de 2019 lo condenaron por una causa de violencia de g\u00e9nero y al a\u00f1o posterior accedi\u00f3 a la\u00a0<strong>prisi\u00f3n domiciliaria<\/strong>. Pese a eso, en una ocasi\u00f3n viol\u00f3 el beneficio y tuvo que regresar a la c\u00e1rcel, donde permanec\u00eda alojado hasta este martes.<\/p>\n\n\n\n<p><strong>Fuente: www.elsol.com.ar<\/strong><\/p>\n","protected":false},"excerpt":{"rendered":"<p>\u201cMe voy a chocar contra el port\u00f3n de Boulogne Sur Mer\u201d, advirti\u00f3&nbsp;Manuel Alejandro D\u00edaz Mitre&nbsp;(46) el mediod\u00eda del domingo, mientras se filmaba y manejaba a toda velocidad por las calles de&nbsp;Ciudad, a bordo del&nbsp;cami\u00f3n Mercedes Benz 710&nbsp;que utiliza hacer mudanzas. En los videos que se viralizaron a trav\u00e9s de&nbsp;WhatsApp&nbsp;y que public\u00f3&nbsp;El Sol, la intenci\u00f3n del [&hellip;]<\/p>\n","protected":false},"author":2,"featured_media":9846,"comment_status":"open","ping_status":"open","sticky":false,"template":"","format":"standard","meta":[],"categories":[48],"tags":[],"_links":{"self":[{"href":"https:\/\/pasaenmendoza.com\/index.php?rest_route=\/wp\/v2\/posts\/9845"}],"collection":[{"href":"https:\/\/pasaenmendoza.com\/index.php?rest_route=\/wp\/v2\/posts"}],"about":[{"href":"https:\/\/pasaenmendoza.com\/index.php?rest_route=\/wp\/v2\/types\/post"}],"author":[{"embeddable":true,"href":"https:\/\/pasaenmendoza.com\/index.php?rest_route=\/wp\/v2\/users\/2"}],"replies":[{"embeddable":true,"href":"https:\/\/pasaenmendoza.com\/index.php?rest_route=%2Fwp%2Fv2%2Fcomments&post=9845"}],"version-history":[{"count":1,"href":"https:\/\/pasaenmendoza.com\/index.php?rest_route=\/wp\/v2\/posts\/9845\/revisions"}],"predecessor-version":[{"id":9847,"href":"https:\/\/pasaenmendoza.com\/index.php?rest_route=\/wp\/v2\/posts\/9845\/revisions\/9847"}],"wp:featuredmedia":[{"embeddable":true,"href":"https:\/\/pasaenmendoza.com\/index.php?rest_route=\/wp\/v2\/media\/9846"}],"wp:attachment":[{"href":"https:\/\/pasaenmendoza.com\/index.php?rest_route=%2Fwp%2Fv2%2Fmedia&parent=9845"}],"wp:term":[{"taxonomy":"category","embeddable":true,"href":"https:\/\/pasaenmendoza.com\/index.php?rest_route=%2Fwp%2Fv2%2Fcategories&post=9845"},{"taxonomy":"post_tag","embeddable":true,"href":"https:\/\/pasaenmendoza.com\/index.php?rest_route=%2Fwp%2Fv2%2Ftags&post=9845"}],"curies":[{"name":"wp","href":"https:\/\/api.w.org\/{rel}","templated":true}]}}