{"id":9848,"date":"2024-10-30T13:08:35","date_gmt":"2024-10-30T12:08:35","guid":{"rendered":"https:\/\/pasaenmendoza.com\/?p=9848"},"modified":"2024-10-30T13:08:38","modified_gmt":"2024-10-30T12:08:38","slug":"buscan-a-un-hombre-que-intento-subir-un-cerro-en-uspallata-descendio-a-la-mitad-y-desaparecio","status":"publish","type":"post","link":"https:\/\/pasaenmendoza.com\/?p=9848","title":{"rendered":"Buscan a un hombre que intent\u00f3 subir un cerro en Uspallata, descendi\u00f3 a la mitad y desapareci\u00f3"},"content":{"rendered":"\n<p>Desesperada b\u00fasqueda en\u00a0<strong>Uspallata<\/strong>\u00a0por un hombre que intent\u00f3 subir el\u00a0<strong>cerro Montura<\/strong>\u00a0junto a dos compa\u00f1eros. El hombre les dijo que volver\u00eda a mitad de camino porque no se sent\u00eda bien, sus compa\u00f1eros siguieron hasta la cumbre y cuando\u00a0<strong>llegaron a la base preguntaron por \u00e9l pero nunca lleg\u00f3.<\/strong><\/p>\n\n\n\n<p>El grupo inici\u00f3 el ascenso el&nbsp;<strong>s\u00e1bado,<\/strong>&nbsp;el hombre regres\u00f3 al refugio del Rancho de latas, situado en la base del cerro, al d\u00eda siguiente por la ma\u00f1ana, mientras que sus compa\u00f1eros llegaron a la base, luego de hacer cumbre, el domingo y no encontraron a su compa\u00f1ero ni lograron contacto con \u00e9l.<\/p>\n\n\n\n<p>Ante esta situaci\u00f3n, decidieron radicar la denuncia lo que dio inicio a la b\u00fasqueda por parte de la Comisar\u00eda 23.<\/p>\n\n\n\n<h2 class=\"wp-block-heading\">El operativo de b\u00fasqueda en Uspallata<\/h2>\n\n\n\n<p>La&nbsp;<strong>Unidad Patrulla de Rescate y Auxilio en Monta\u00f1a<\/strong>, junto con una divisi\u00f3n de la Polic\u00eda especializada en el manejo de Veh\u00edculos A\u00e9reos No Tripulados (VANT) equipados con sistemas infrarrojos, ya se unieron a los esfuerzos de b\u00fasqueda.<\/p>\n\n\n\n<p>Si no se obtienen pistas sobre el paradero del cordob\u00e9s hasta este mi\u00e9rcoles, la Polic\u00eda planea utilizar el<strong>&nbsp;helic\u00f3ptero Halc\u00f3n 2<\/strong>&nbsp;para realizar&nbsp;<strong>sobrevuelos<\/strong>&nbsp;en la zona&nbsp;<strong>con el fin de localizar al andinista.<\/strong><\/p>\n\n\n\n<p>Adem\u00e1s, ya se han empezado a realizar los preparativos para establecer una base para helipuertos y contar con un cami\u00f3n de recarga de combustible en uno de los playones pulm\u00f3n de YPF de la zona, dado que la cancha del Hotel Uspallata no puede albergar el cami\u00f3n de combustible debido a su sistema de aspersores de riego.<\/p>\n\n\n\n<p><strong>Fuente: www.diariouno.com.ar<\/strong><\/p>\n","protected":false},"excerpt":{"rendered":"<p>Desesperada b\u00fasqueda en\u00a0Uspallata\u00a0por un hombre que intent\u00f3 subir el\u00a0cerro Montura\u00a0junto a dos compa\u00f1eros. El hombre les dijo que volver\u00eda a mitad de camino porque no se sent\u00eda bien, sus compa\u00f1eros siguieron hasta la cumbre y cuando\u00a0llegaron a la base preguntaron por \u00e9l pero nunca lleg\u00f3. El grupo inici\u00f3 el ascenso el&nbsp;s\u00e1bado,&nbsp;el hombre regres\u00f3 al refugio [&hellip;]<\/p>\n","protected":false},"author":2,"featured_media":9849,"comment_status":"open","ping_status":"open","sticky":false,"template":"","format":"standard","meta":[],"categories":[48],"tags":[],"_links":{"self":[{"href":"https:\/\/pasaenmendoza.com\/index.php?rest_route=\/wp\/v2\/posts\/9848"}],"collection":[{"href":"https:\/\/pasaenmendoza.com\/index.php?rest_route=\/wp\/v2\/posts"}],"about":[{"href":"https:\/\/pasaenmendoza.com\/index.php?rest_route=\/wp\/v2\/types\/post"}],"author":[{"embeddable":true,"href":"https:\/\/pasaenmendoza.com\/index.php?rest_route=\/wp\/v2\/users\/2"}],"replies":[{"embeddable":true,"href":"https:\/\/pasaenmendoza.com\/index.php?rest_route=%2Fwp%2Fv2%2Fcomments&post=9848"}],"version-history":[{"count":1,"href":"https:\/\/pasaenmendoza.com\/index.php?rest_route=\/wp\/v2\/posts\/9848\/revisions"}],"predecessor-version":[{"id":9850,"href":"https:\/\/pasaenmendoza.com\/index.php?rest_route=\/wp\/v2\/posts\/9848\/revisions\/9850"}],"wp:featuredmedia":[{"embeddable":true,"href":"https:\/\/pasaenmendoza.com\/index.php?rest_route=\/wp\/v2\/media\/9849"}],"wp:attachment":[{"href":"https:\/\/pasaenmendoza.com\/index.php?rest_route=%2Fwp%2Fv2%2Fmedia&parent=9848"}],"wp:term":[{"taxonomy":"category","embeddable":true,"href":"https:\/\/pasaenmendoza.com\/index.php?rest_route=%2Fwp%2Fv2%2Fcategories&post=9848"},{"taxonomy":"post_tag","embeddable":true,"href":"https:\/\/pasaenmendoza.com\/index.php?rest_route=%2Fwp%2Fv2%2Ftags&post=9848"}],"curies":[{"name":"wp","href":"https:\/\/api.w.org\/{rel}","templated":true}]}}